{"id":1538,"date":"2025-12-23T09:30:00","date_gmt":"2025-12-23T08:30:00","guid":{"rendered":"https:\/\/laurorecreative.fr\/?p=1538"},"modified":"2025-10-13T11:10:11","modified_gmt":"2025-10-13T09:10:11","slug":"video-presentation-entreprise-clermont-ferrand","status":"publish","type":"post","link":"https:\/\/laurorecreative.fr\/index.php\/2025\/12\/23\/video-presentation-entreprise-clermont-ferrand\/","title":{"rendered":"Vid\u00e9o de pr\u00e9sentation Clermont-Ferrand : comment raconter l\u2019histoire d\u2019une entreprise ?"},"content":{"rendered":"\t\t<div data-elementor-type=\"wp-post\" data-elementor-id=\"1538\" class=\"elementor elementor-1538\">\n\t\t\t\t<div class=\"elementor-element elementor-element-996c537 e-flex e-con-boxed wpr-particle-no wpr-jarallax-no wpr-parallax-no wpr-sticky-section-no wpr-equal-height-no e-con e-parent\" data-id=\"996c537\" data-element_type=\"container\" data-e-type=\"container\">\n\t\t\t\t\t<div class=\"e-con-inner\">\n\t\t\t\t<div class=\"elementor-element elementor-element-e4b3aaa elementor-widget elementor-widget-spacer\" data-id=\"e4b3aaa\" data-element_type=\"widget\" data-e-type=\"widget\" data-widget_type=\"spacer.default\">\n\t\t\t\t<div class=\"elementor-widget-container\">\n\t\t\t\t\t\t\t<div class=\"elementor-spacer\">\n\t\t\t<div class=\"elementor-spacer-inner\"><\/div>\n\t\t<\/div>\n\t\t\t\t\t\t<\/div>\n\t\t\t\t<\/div>\n\t\t\t\t\t<\/div>\n\t\t\t\t<\/div>\n\t\t<div class=\"elementor-element elementor-element-0b9d54a e-flex e-con-boxed wpr-particle-no wpr-jarallax-no wpr-parallax-no wpr-sticky-section-no wpr-equal-height-no e-con e-parent\" data-id=\"0b9d54a\" data-element_type=\"container\" data-e-type=\"container\">\n\t\t\t\t\t<div class=\"e-con-inner\">\n\t\t\t\t<div class=\"elementor-element elementor-element-1c0424a elementor-widget elementor-widget-text-editor\" data-id=\"1c0424a\" data-element_type=\"widget\" data-e-type=\"widget\" data-widget_type=\"text-editor.default\">\n\t\t\t\t<div class=\"elementor-widget-container\">\n\t\t\t\t\t\t\t\t\t<h1><strong>Vid\u00e9o de pr\u00e9sentation Clermont-Ferrand :<br><\/strong> comment raconter l\u2019histoire d\u2019une entreprise ?<strong>\n<\/strong><\/h1>\n<h1><strong><!-- notionvc: 0e30c6cf-1616-4be8-b5dd-232c202c1133 --><\/strong><\/h1>\t\t\t\t\t\t\t\t<\/div>\n\t\t\t\t<\/div>\n\t\t\t\t\t<\/div>\n\t\t\t\t<\/div>\n\t\t<div class=\"elementor-element elementor-element-afa0200 e-flex e-con-boxed wpr-particle-no wpr-jarallax-no wpr-parallax-no wpr-sticky-section-no wpr-equal-height-no e-con e-parent\" data-id=\"afa0200\" data-element_type=\"container\" data-e-type=\"container\">\n\t\t\t\t\t<div class=\"e-con-inner\">\n\t\t\t\t<div class=\"elementor-element elementor-element-a070476 elementor-widget elementor-widget-spacer\" data-id=\"a070476\" data-element_type=\"widget\" data-e-type=\"widget\" data-widget_type=\"spacer.default\">\n\t\t\t\t<div class=\"elementor-widget-container\">\n\t\t\t\t\t\t\t<div class=\"elementor-spacer\">\n\t\t\t<div class=\"elementor-spacer-inner\"><\/div>\n\t\t<\/div>\n\t\t\t\t\t\t<\/div>\n\t\t\t\t<\/div>\n\t\t\t\t\t<\/div>\n\t\t\t\t<\/div>\n\t\t<div class=\"elementor-element elementor-element-68a22ec e-flex e-con-boxed wpr-particle-no wpr-jarallax-no wpr-parallax-no wpr-sticky-section-no wpr-equal-height-no e-con e-parent\" data-id=\"68a22ec\" data-element_type=\"container\" data-e-type=\"container\">\n\t\t\t\t\t<div class=\"e-con-inner\">\n\t\t<div class=\"elementor-element elementor-element-9db37b4 e-con-full e-flex wpr-particle-no wpr-jarallax-no wpr-parallax-no wpr-sticky-section-no wpr-equal-height-no e-con e-child\" data-id=\"9db37b4\" data-element_type=\"container\" data-e-type=\"container\" data-settings=\"{&quot;background_background&quot;:&quot;video&quot;,&quot;background_video_link&quot;:&quot;https:\\\/\\\/www.youtube.com\\\/watch?v=OJP47FebW24&amp;ab_channel=Aur%C3%A9lienGerber&quot;,&quot;background_video_start&quot;:20,&quot;background_video_end&quot;:60,&quot;background_play_on_mobile&quot;:&quot;yes&quot;}\">\n\t\t<div class=\"elementor-background-video-container\">\n\t\t\t\t\t\t\t<div class=\"elementor-background-video-embed\" role=\"presentation\"><\/div>\n\t\t\t\t\t\t<\/div>\t\t<div class=\"elementor-element elementor-element-609c163 elementor-widget elementor-widget-spacer\" data-id=\"609c163\" data-element_type=\"widget\" data-e-type=\"widget\" data-widget_type=\"spacer.default\">\n\t\t\t\t<div class=\"elementor-widget-container\">\n\t\t\t\t\t\t\t<div class=\"elementor-spacer\">\n\t\t\t<div class=\"elementor-spacer-inner\"><\/div>\n\t\t<\/div>\n\t\t\t\t\t\t<\/div>\n\t\t\t\t<\/div>\n\t\t\t\t<\/div>\n\t\t<div class=\"elementor-element elementor-element-1e57c16 e-con-full e-flex wpr-particle-no wpr-jarallax-no wpr-parallax-no wpr-sticky-section-no wpr-equal-height-no e-con e-child\" data-id=\"1e57c16\" data-element_type=\"container\" data-e-type=\"container\">\n\t\t\t\t<div class=\"elementor-element elementor-element-1ccb088 elementor-widget elementor-widget-text-editor\" data-id=\"1ccb088\" data-element_type=\"widget\" data-e-type=\"widget\" data-widget_type=\"text-editor.default\">\n\t\t\t\t<div class=\"elementor-widget-container\">\n\t\t\t\t\t\t\t\t\t<h2><strong>\ud83c\udfa5 Vid\u00e9o de pr\u00e9sentation Clermont-Ferrand : comment raconter l\u2019histoire d\u2019une entreprise ?<\/strong><!-- notionvc: 87946144-f27f-4d30-b298-44e7528d1e07 --><\/h2><p>La <strong><span class=\"notion-enable-hover\" data-token-index=\"1\">vid\u00e9o de pr\u00e9sentation d&rsquo;entreprise \u00e0 Clermont-Ferrand<\/span><\/strong> est devenue un outil incontournable pour les <strong>entreprises<\/strong>, <strong>commer\u00e7ants<\/strong>, <strong>artisans<\/strong> ou <strong>associations<\/strong> qui souhaitent se <strong>d\u00e9marquer<\/strong>. R\u00e9aliser une vid\u00e9o d\u2019entreprise impactante, c\u2019est bien plus que montrer des images : c\u2019est raconter une histoire, partager des valeurs et donner envie d\u2019en savoir plus. D\u00e9couvrez comment transformer une simple vid\u00e9o de pr\u00e9sentation en un v\u00e9ritable film corporate qui captive votre public.<!-- notionvc: 33fd7c2f-f965-49f6-906d-ac4199b10698 --><\/p><p>On vous guide pas \u00e0 pas ! \ud83e\udd1d<\/p><p><!-- notionvc: 99383208-47d9-4848-aed1-c0e964f123ae --><\/p>\t\t\t\t\t\t\t\t<\/div>\n\t\t\t\t<\/div>\n\t\t\t\t<\/div>\n\t\t\t\t\t<\/div>\n\t\t\t\t<\/div>\n\t\t<div class=\"elementor-element elementor-element-c6292c6 e-flex e-con-boxed wpr-particle-no wpr-jarallax-no wpr-parallax-no wpr-sticky-section-no wpr-equal-height-no e-con e-parent\" data-id=\"c6292c6\" data-element_type=\"container\" data-e-type=\"container\">\n\t\t\t\t\t<div class=\"e-con-inner\">\n\t\t\t\t<div class=\"elementor-element elementor-element-b28ae18 elementor-widget elementor-widget-spacer\" data-id=\"b28ae18\" data-element_type=\"widget\" data-e-type=\"widget\" data-widget_type=\"spacer.default\">\n\t\t\t\t<div class=\"elementor-widget-container\">\n\t\t\t\t\t\t\t<div class=\"elementor-spacer\">\n\t\t\t<div class=\"elementor-spacer-inner\"><\/div>\n\t\t<\/div>\n\t\t\t\t\t\t<\/div>\n\t\t\t\t<\/div>\n\t\t\t\t\t<\/div>\n\t\t\t\t<\/div>\n\t\t<div class=\"elementor-element elementor-element-30c2f4d e-flex e-con-boxed wpr-particle-no wpr-jarallax-no wpr-parallax-no wpr-sticky-section-no wpr-equal-height-no e-con e-parent\" data-id=\"30c2f4d\" data-element_type=\"container\" data-e-type=\"container\">\n\t\t\t\t\t<div class=\"e-con-inner\">\n\t\t\t\t<div class=\"elementor-element elementor-element-8a0902f elementor-widget elementor-widget-text-editor\" data-id=\"8a0902f\" data-element_type=\"widget\" data-e-type=\"widget\" data-widget_type=\"text-editor.default\">\n\t\t\t\t<div class=\"elementor-widget-container\">\n\t\t\t\t\t\t\t\t\t<h3>\ud83d\ude80 Pourquoi cr\u00e9er une vid\u00e9o de pr\u00e9sentation pour votre entreprise ?<!-- notionvc: 58df904d-28cd-4b89-a936-c5078a1e65af --><\/h3><p>Une vid\u00e9o de pr\u00e9sentation est bien plus qu\u2019une carte de visite anim\u00e9e.<\/p><p>Elle permet :<\/p><ul><li>de <strong>mettre en avant<\/strong> vos produits, vos services et vos \u00e9quipes,<\/li><li>d\u2019<strong>expliquer<\/strong> clairement <strong>votre<\/strong> <strong>savoir-faire<\/strong>,<\/li><li>d\u2019<strong>humaniser<\/strong> votre communication en montrant le <strong>visage derri\u00e8re la marque<\/strong>.<\/li><\/ul><p>Dans un monde o\u00f9 l\u2019attention se joue en quelques secondes, une vid\u00e9o corporate bien pens\u00e9e <strong>attire l\u2019\u0153il<\/strong>, capte <strong>l\u2019int\u00e9r\u00eat<\/strong> et renforce la <strong>notori\u00e9t\u00e9<\/strong> de votre entreprise \u00e0 Clermont-Ferrand et au-del\u00e0.<\/p><p><!-- notionvc: 269e0235-6ae5-4470-8a79-31615a9bb72c --><\/p><p><!-- notionvc: b8040bfd-726c-4630-af3a-dbf9cdefc8db --><\/p><p><!-- notionvc: b91eee09-74ab-47ee-8ee2-0be0814abfe7 --><\/p>\t\t\t\t\t\t\t\t<\/div>\n\t\t\t\t<\/div>\n\t\t\t\t\t<\/div>\n\t\t\t\t<\/div>\n\t\t<div class=\"elementor-element elementor-element-e66dbf0 e-flex e-con-boxed wpr-particle-no wpr-jarallax-no wpr-parallax-no wpr-sticky-section-no wpr-equal-height-no e-con e-parent\" data-id=\"e66dbf0\" data-element_type=\"container\" data-e-type=\"container\">\n\t\t\t\t\t<div class=\"e-con-inner\">\n\t\t\t\t<div class=\"elementor-element elementor-element-2a5c7c4 elementor-widget elementor-widget-spacer\" data-id=\"2a5c7c4\" data-element_type=\"widget\" data-e-type=\"widget\" data-widget_type=\"spacer.default\">\n\t\t\t\t<div class=\"elementor-widget-container\">\n\t\t\t\t\t\t\t<div class=\"elementor-spacer\">\n\t\t\t<div class=\"elementor-spacer-inner\"><\/div>\n\t\t<\/div>\n\t\t\t\t\t\t<\/div>\n\t\t\t\t<\/div>\n\t\t\t\t\t<\/div>\n\t\t\t\t<\/div>\n\t\t<div class=\"elementor-element elementor-element-8fb78a5 e-flex e-con-boxed wpr-particle-no wpr-jarallax-no wpr-parallax-no wpr-sticky-section-no wpr-equal-height-no e-con e-parent\" data-id=\"8fb78a5\" data-element_type=\"container\" data-e-type=\"container\">\n\t\t\t\t\t<div class=\"e-con-inner\">\n\t\t\t\t<div class=\"elementor-element elementor-element-b931704 elementor-widget elementor-widget-heading\" data-id=\"b931704\" data-element_type=\"widget\" data-e-type=\"widget\" data-widget_type=\"heading.default\">\n\t\t\t\t<div class=\"elementor-widget-container\">\n\t\t\t\t\t<h2 class=\"elementor-heading-title elementor-size-default\">Le storytelling vid\u00e9o : l\u2019art de captiver votre audience<!-- notionvc: 0924ec68-bcc4-422f-8ca8-4fad2f700d20 --><\/h2>\t\t\t\t<\/div>\n\t\t\t\t<\/div>\n\t\t\t\t<div class=\"elementor-element elementor-element-2077ba7 elementor-widget elementor-widget-text-editor\" data-id=\"2077ba7\" data-element_type=\"widget\" data-e-type=\"widget\" data-widget_type=\"text-editor.default\">\n\t\t\t\t<div class=\"elementor-widget-container\">\n\t\t\t\t\t\t\t\t\t<p>Raconter l\u2019histoire de votre entreprise \u00e0 travers une vid\u00e9o institutionnelle, c\u2019est un peu comme inviter vos clients \u00e0 un voyage. On ne leur donne pas seulement des informations, on les embarque dans une exp\u00e9rience immersive.<!-- notionvc: 53f4f21a-bfb9-4522-a743-abfaefefb05d --><!-- notionvc: f49eb31d-6d49-4622-9545-db29e5035488 --><\/p><p>Pour r\u00e9ussir, le storytelling vid\u00e9o repose sur <strong>trois piliers<\/strong> :<!-- notionvc: 00c19813-7334-487f-ba82-8b900819d258 --><\/p>\t\t\t\t\t\t\t\t<\/div>\n\t\t\t\t<\/div>\n\t\t\t\t\t<\/div>\n\t\t\t\t<\/div>\n\t\t<div class=\"elementor-element elementor-element-5dad935 e-grid e-con-boxed wpr-particle-no wpr-jarallax-no wpr-parallax-no wpr-sticky-section-no wpr-equal-height-no e-con e-parent\" data-id=\"5dad935\" data-element_type=\"container\" data-e-type=\"container\">\n\t\t\t\t\t<div class=\"e-con-inner\">\n\t\t\t\t<div class=\"elementor-element elementor-element-47b26dd elementor-widget elementor-widget-text-editor\" data-id=\"47b26dd\" data-element_type=\"widget\" data-e-type=\"widget\" data-widget_type=\"text-editor.default\">\n\t\t\t\t<div class=\"elementor-widget-container\">\n\t\t\t\t\t\t\t\t\t<h4 style=\"font-family: Poppins, sans-serif; color: #18434f; text-align: center;\"><span class=\"notion-enable-hover\" data-token-index=\"0\">DES IMAGES FORTES<\/span><\/h4><p>Tournage sur site, interviews, plans d\u2019ambiance.<\/p>\t\t\t\t\t\t\t\t<\/div>\n\t\t\t\t<\/div>\n\t\t\t\t<div class=\"elementor-element elementor-element-bea3f0b elementor-widget elementor-widget-text-editor\" data-id=\"bea3f0b\" data-element_type=\"widget\" data-e-type=\"widget\" data-widget_type=\"text-editor.default\">\n\t\t\t\t<div class=\"elementor-widget-container\">\n\t\t\t\t\t\t\t\t\t<h4><span class=\"notion-enable-hover\" data-token-index=\"0\">UN MESSAGE CLAIR<\/span><\/h4><p>vos valeurs, vos engagements, votre mission.<\/p>\t\t\t\t\t\t\t\t<\/div>\n\t\t\t\t<\/div>\n\t\t\t\t<div class=\"elementor-element elementor-element-47c7c9b elementor-widget elementor-widget-text-editor\" data-id=\"47c7c9b\" data-element_type=\"widget\" data-e-type=\"widget\" data-widget_type=\"text-editor.default\">\n\t\t\t\t<div class=\"elementor-widget-container\">\n\t\t\t\t\t\t\t\t\t<h4><span data-token-index=\"0\">UNE NARRATION ENGAGEANTE<\/span><\/h4><p>voix off, interview ou mise en sc\u00e8ne.<\/p>\t\t\t\t\t\t\t\t<\/div>\n\t\t\t\t<\/div>\n\t\t\t\t\t<\/div>\n\t\t\t\t<\/div>\n\t\t<div class=\"elementor-element elementor-element-ea00a3f e-flex e-con-boxed wpr-particle-no wpr-jarallax-no wpr-parallax-no wpr-sticky-section-no wpr-equal-height-no e-con e-parent\" data-id=\"ea00a3f\" data-element_type=\"container\" data-e-type=\"container\">\n\t\t\t\t\t<div class=\"e-con-inner\">\n\t\t\t\t<div class=\"elementor-element elementor-element-d5f64c4 elementor-widget elementor-widget-spacer\" data-id=\"d5f64c4\" data-element_type=\"widget\" data-e-type=\"widget\" data-widget_type=\"spacer.default\">\n\t\t\t\t<div class=\"elementor-widget-container\">\n\t\t\t\t\t\t\t<div class=\"elementor-spacer\">\n\t\t\t<div class=\"elementor-spacer-inner\"><\/div>\n\t\t<\/div>\n\t\t\t\t\t\t<\/div>\n\t\t\t\t<\/div>\n\t\t\t\t\t<\/div>\n\t\t\t\t<\/div>\n\t\t<div class=\"elementor-element elementor-element-a0f02b5 e-flex e-con-boxed wpr-particle-no wpr-jarallax-no wpr-parallax-no wpr-sticky-section-no wpr-equal-height-no e-con e-parent\" data-id=\"a0f02b5\" data-element_type=\"container\" data-e-type=\"container\">\n\t\t\t\t\t<div class=\"e-con-inner\">\n\t\t\t\t<div class=\"elementor-element elementor-element-a230350 elementor-widget elementor-widget-text-editor\" data-id=\"a230350\" data-element_type=\"widget\" data-e-type=\"widget\" data-widget_type=\"text-editor.default\">\n\t\t\t\t<div class=\"elementor-widget-container\">\n\t\t\t\t\t\t\t\t\t<h3>L\u2019atout du digital : visibilit\u00e9 maximale \u00e0 moindre co\u00fbt<\/h3><p>Aujourd\u2019hui, <strong>le digital est incontournable<\/strong> pour toute campagne publicitaire, m\u00eame locale. Une publicit\u00e9 sur les r\u00e9seaux sociaux cibl\u00e9e sur Clermont-Ferrand permet de toucher rapidement des milliers de personnes\u2026 sans exploser votre budget.<\/p><ul><li>Facebook &amp; Instagram Ads pour les particuliers.<\/li><li>LinkedIn Ads pour les pros.<\/li><li>Google Ads pour \u00eatre trouv\u00e9 d\u00e8s les premi\u00e8res recherches.<\/li><\/ul><p><!-- notionvc: 69aa7db6-e4fa-49f3-b268-060504e9c9d8 --><\/p><p>Vous pouvez m\u00eame coupler cela avec du contenu sponsoris\u00e9 ou des <strong>campagnes vid\u00e9o sur mesure<\/strong>. R\u00e9sultat : <strong>plus de visibilit\u00e9<\/strong>, <strong>plus d\u2019engagement<\/strong>, et un <strong>meilleur retour sur investissement<\/strong>.<\/p>\t\t\t\t\t\t\t\t<\/div>\n\t\t\t\t<\/div>\n\t\t\t\t\t<\/div>\n\t\t\t\t<\/div>\n\t\t<div class=\"elementor-element elementor-element-9b618ca e-flex e-con-boxed wpr-particle-no wpr-jarallax-no wpr-parallax-no wpr-sticky-section-no wpr-equal-height-no e-con e-parent\" data-id=\"9b618ca\" data-element_type=\"container\" data-e-type=\"container\">\n\t\t\t\t\t<div class=\"e-con-inner\">\n\t\t<div class=\"elementor-element elementor-element-a3f9046 e-con-full e-flex wpr-particle-no wpr-jarallax-no wpr-parallax-no wpr-sticky-section-no wpr-equal-height-no e-con e-child\" data-id=\"a3f9046\" data-element_type=\"container\" data-e-type=\"container\">\n\t\t\t\t<div class=\"elementor-element elementor-element-3fee5f7 elementor-widget elementor-widget-image\" data-id=\"3fee5f7\" data-element_type=\"widget\" data-e-type=\"widget\" data-widget_type=\"image.default\">\n\t\t\t\t<div class=\"elementor-widget-container\">\n\t\t\t\t\t\t\t\t\t\t\t\t\t\t\t<img fetchpriority=\"high\" decoding=\"async\" width=\"800\" height=\"259\" src=\"https:\/\/laurorecreative.fr\/wp-content\/uploads\/2024\/05\/Aurore-Creative_Logo_PDD-1024x332.png\" class=\"attachment-large size-large wp-image-241\" alt=\"\" srcset=\"https:\/\/laurorecreative.fr\/wp-content\/uploads\/2024\/05\/Aurore-Creative_Logo_PDD-1024x332.png 1024w, https:\/\/laurorecreative.fr\/wp-content\/uploads\/2024\/05\/Aurore-Creative_Logo_PDD-600x194.png 600w, https:\/\/laurorecreative.fr\/wp-content\/uploads\/2024\/05\/Aurore-Creative_Logo_PDD-300x97.png 300w, https:\/\/laurorecreative.fr\/wp-content\/uploads\/2024\/05\/Aurore-Creative_Logo_PDD-768x249.png 768w, https:\/\/laurorecreative.fr\/wp-content\/uploads\/2024\/05\/Aurore-Creative_Logo_PDD-1536x498.png 1536w, https:\/\/laurorecreative.fr\/wp-content\/uploads\/2024\/05\/Aurore-Creative_Logo_PDD.png 1565w\" sizes=\"(max-width: 800px) 100vw, 800px\" \/>\t\t\t\t\t\t\t\t\t\t\t\t\t\t\t<\/div>\n\t\t\t\t<\/div>\n\t\t\t\t<\/div>\n\t\t<div class=\"elementor-element elementor-element-08ee993 e-con-full e-flex wpr-particle-no wpr-jarallax-no wpr-parallax-no wpr-sticky-section-no wpr-equal-height-no e-con e-child\" data-id=\"08ee993\" data-element_type=\"container\" data-e-type=\"container\">\n\t\t\t\t<div class=\"elementor-element elementor-element-feae71e elementor-widget elementor-widget-text-editor\" data-id=\"feae71e\" data-element_type=\"widget\" data-e-type=\"widget\" data-widget_type=\"text-editor.default\">\n\t\t\t\t<div class=\"elementor-widget-container\">\n\t\t\t\t\t\t\t\t\t<h3>\ud83c\udfd4\ufe0f Vid\u00e9o d\u2019entreprise \u00e0 Clermont-Ferrand : un territoire inspirant<\/h3><p>Clermont-Ferrand et l\u2019Auvergne offrent un cadre id\u00e9al pour des vid\u00e9os de pr\u00e9sentation originales. Entre le dynamisme \u00e9conomique local et les paysages du Puy-de-D\u00f4me, les possibilit\u00e9s sont nombreuses :<\/p><ul><li>un tournage urbain au c\u0153ur du centre historique,<\/li><li>des images a\u00e9riennes avec vue sur la cha\u00eene des Puys,<\/li><li>des interviews dans vos locaux modernes ou authentiques.<\/li><\/ul><p>Mettre en avant cet ancrage territorial dans une vid\u00e9o institutionnelle, c\u2019est valoriser votre identit\u00e9 locale tout en renfor\u00e7ant votre cr\u00e9dibilit\u00e9.<\/p><p><!-- notionvc: 842107f6-4719-4b49-845e-ff4894140e26 --><\/p><p><!-- notionvc: d08032fa-7cf2-464e-81a5-05e1a7cebd4c --><\/p>\t\t\t\t\t\t\t\t<\/div>\n\t\t\t\t<\/div>\n\t\t\t\t<\/div>\n\t\t\t\t\t<\/div>\n\t\t\t\t<\/div>\n\t\t<div class=\"elementor-element elementor-element-4985067 e-flex e-con-boxed wpr-particle-no wpr-jarallax-no wpr-parallax-no wpr-sticky-section-no wpr-equal-height-no e-con e-parent\" data-id=\"4985067\" data-element_type=\"container\" data-e-type=\"container\">\n\t\t\t\t\t<div class=\"e-con-inner\">\n\t\t\t\t<div class=\"elementor-element elementor-element-57b5ced elementor-widget elementor-widget-text-editor\" data-id=\"57b5ced\" data-element_type=\"widget\" data-e-type=\"widget\" data-widget_type=\"text-editor.default\">\n\t\t\t\t<div class=\"elementor-widget-container\">\n\t\t\t\t\t\t\t\t\t<h3>Comment r\u00e9ussir la r\u00e9alisation d\u2019une vid\u00e9o corporate ?<\/h3><h2><span style=\"color: #18434f; font-size: 15px;\">Cr\u00e9er une vid\u00e9o promotionnelle efficace ne s\u2019improvise pas. Chaque \u00e9tape compte :<\/span><\/h2><ol><li><strong>D\u00e9finir vos objectifs<\/strong>\u00a0: attirer de nouveaux clients, valoriser vos \u00e9quipes, renforcer votre marque employeur.<\/li><li><strong>\u00c9laborer un storyboard <\/strong>: pr\u00e9voir les plans, les interviews et le d\u00e9roul\u00e9.<\/li><li><strong>R\u00e9aliser le tournage<\/strong>\u00a0: captation, mise en lumi\u00e8re, ambiance sonore.<\/li><li><strong>Assurer un montage dynamique<\/strong>\u00a0: musique adapt\u00e9e, transitions fluides, incrustations de texte.<\/li><li><strong>Optimiser la diffusion<\/strong>\u00a0: site internet, r\u00e9seaux sociaux, salons professionnels.<\/li><\/ol><p><!-- notionvc: 96ac4afc-da66-4a43-a373-512542aac96d --><\/p><p>Une agence vid\u00e9o comme L\u2019Aurore Cr\u00e9ative vous accompagne dans ce processus, en alliant cr\u00e9ativit\u00e9, technique et strat\u00e9gie de communication.<\/p><p><!-- notionvc: fd52af9e-0abd-4103-90af-2ad418a508b3 --><\/p><p><!-- notionvc: 158f550f-9201-4c84-bedc-739bfb999b1e --><\/p>\t\t\t\t\t\t\t\t<\/div>\n\t\t\t\t<\/div>\n\t\t\t\t\t<\/div>\n\t\t\t\t<\/div>\n\t\t<div class=\"elementor-element elementor-element-c883621 e-flex e-con-boxed wpr-particle-no wpr-jarallax-no wpr-parallax-no wpr-sticky-section-no wpr-equal-height-no e-con e-parent\" data-id=\"c883621\" data-element_type=\"container\" data-e-type=\"container\">\n\t\t\t\t\t<div class=\"e-con-inner\">\n\t\t<div class=\"elementor-element elementor-element-d65b350 e-con-full e-flex wpr-particle-no wpr-jarallax-no wpr-parallax-no wpr-sticky-section-no wpr-equal-height-no e-con e-child\" data-id=\"d65b350\" data-element_type=\"container\" data-e-type=\"container\" data-settings=\"{&quot;background_background&quot;:&quot;classic&quot;}\">\n\t\t\t\t<div class=\"elementor-element elementor-element-34e735f elementor-widget elementor-widget-heading\" data-id=\"34e735f\" data-element_type=\"widget\" data-e-type=\"widget\" data-widget_type=\"heading.default\">\n\t\t\t\t<div class=\"elementor-widget-container\">\n\t\t\t\t\t<h3 class=\"elementor-heading-title elementor-size-default\">ambiances de lieux<\/h3>\t\t\t\t<\/div>\n\t\t\t\t<\/div>\n\t\t\t\t<div class=\"elementor-element elementor-element-c3ac3c4 elementor-widget elementor-widget-shortcode\" data-id=\"c3ac3c4\" data-element_type=\"widget\" data-e-type=\"widget\" data-widget_type=\"shortcode.default\">\n\t\t\t\t<div class=\"elementor-widget-container\">\n\t\t\t\t\t\t\t<div class=\"elementor-shortcode\"><blockquote class=\"instagram-media\" data-instgrm-permalink=\"https:\/\/www.instagram.com\/reel\/C8bkXDatxHe\/?utm_source=ig_embed&amp;utm_campaign=loading\" data-instgrm-version=\"14\" style=\" background:#FFF; border:0; border-radius:3px; box-shadow:0 0 1px 0 rgba(0,0,0,0.5),0 1px 10px 0 rgba(0,0,0,0.15); margin: 1px; max-width:540px; min-width:326px; padding:0; width:99.375%; width:-webkit-calc(100% - 2px); width:calc(100% - 2px);\"><div style=\"padding:16px;\"> <a href=\"https:\/\/www.instagram.com\/reel\/C8bkXDatxHe\/?utm_source=ig_embed&amp;utm_campaign=loading\" style=\" background:#FFFFFF; line-height:0; padding:0 0; text-align:center; text-decoration:none; width:100%;\" target=\"_blank\"> <div style=\" display: flex; flex-direction: row; align-items: center;\"> <div style=\"background-color: #F4F4F4; border-radius: 50%; flex-grow: 0; height: 40px; margin-right: 14px; width: 40px;\"><\/div> <div style=\"display: flex; flex-direction: column; flex-grow: 1; justify-content: center;\"> <div style=\" background-color: #F4F4F4; border-radius: 4px; flex-grow: 0; height: 14px; margin-bottom: 6px; width: 100px;\"><\/div> <div style=\" background-color: #F4F4F4; border-radius: 4px; flex-grow: 0; height: 14px; width: 60px;\"><\/div><\/div><\/div><div style=\"padding: 19% 0;\"><\/div> <div style=\"display:block; height:50px; margin:0 auto 12px; width:50px;\"><svg width=\"50px\" height=\"50px\" viewBox=\"0 0 60 60\" version=\"1.1\" xmlns=\"https:\/\/www.w3.org\/2000\/svg\" xmlns:xlink=\"https:\/\/www.w3.org\/1999\/xlink\"><g stroke=\"none\" stroke-width=\"1\" fill=\"none\" fill-rule=\"evenodd\"><g transform=\"translate(-511.000000, -20.000000)\" fill=\"#000000\"><g><path d=\"M556.869,30.41 C554.814,30.41 553.148,32.076 553.148,34.131 C553.148,36.186 554.814,37.852 556.869,37.852 C558.924,37.852 560.59,36.186 560.59,34.131 C560.59,32.076 558.924,30.41 556.869,30.41 M541,60.657 C535.114,60.657 530.342,55.887 530.342,50 C530.342,44.114 535.114,39.342 541,39.342 C546.887,39.342 551.658,44.114 551.658,50 C551.658,55.887 546.887,60.657 541,60.657 M541,33.886 C532.1,33.886 524.886,41.1 524.886,50 C524.886,58.899 532.1,66.113 541,66.113 C549.9,66.113 557.115,58.899 557.115,50 C557.115,41.1 549.9,33.886 541,33.886 M565.378,62.101 C565.244,65.022 564.756,66.606 564.346,67.663 C563.803,69.06 563.154,70.057 562.106,71.106 C561.058,72.155 560.06,72.803 558.662,73.347 C557.607,73.757 556.021,74.244 553.102,74.378 C549.944,74.521 548.997,74.552 541,74.552 C533.003,74.552 532.056,74.521 528.898,74.378 C525.979,74.244 524.393,73.757 523.338,73.347 C521.94,72.803 520.942,72.155 519.894,71.106 C518.846,70.057 518.197,69.06 517.654,67.663 C517.244,66.606 516.755,65.022 516.623,62.101 C516.479,58.943 516.448,57.996 516.448,50 C516.448,42.003 516.479,41.056 516.623,37.899 C516.755,34.978 517.244,33.391 517.654,32.338 C518.197,30.938 518.846,29.942 519.894,28.894 C520.942,27.846 521.94,27.196 523.338,26.654 C524.393,26.244 525.979,25.756 528.898,25.623 C532.057,25.479 533.004,25.448 541,25.448 C548.997,25.448 549.943,25.479 553.102,25.623 C556.021,25.756 557.607,26.244 558.662,26.654 C560.06,27.196 561.058,27.846 562.106,28.894 C563.154,29.942 563.803,30.938 564.346,32.338 C564.756,33.391 565.244,34.978 565.378,37.899 C565.522,41.056 565.552,42.003 565.552,50 C565.552,57.996 565.522,58.943 565.378,62.101 M570.82,37.631 C570.674,34.438 570.167,32.258 569.425,30.349 C568.659,28.377 567.633,26.702 565.965,25.035 C564.297,23.368 562.623,22.342 560.652,21.575 C558.743,20.834 556.562,20.326 553.369,20.18 C550.169,20.033 549.148,20 541,20 C532.853,20 531.831,20.033 528.631,20.18 C525.438,20.326 523.257,20.834 521.349,21.575 C519.376,22.342 517.703,23.368 516.035,25.035 C514.368,26.702 513.342,28.377 512.574,30.349 C511.834,32.258 511.326,34.438 511.181,37.631 C511.035,40.831 511,41.851 511,50 C511,58.147 511.035,59.17 511.181,62.369 C511.326,65.562 511.834,67.743 512.574,69.651 C513.342,71.625 514.368,73.296 516.035,74.965 C517.703,76.634 519.376,77.658 521.349,78.425 C523.257,79.167 525.438,79.673 528.631,79.82 C531.831,79.965 532.853,80.001 541,80.001 C549.148,80.001 550.169,79.965 553.369,79.82 C556.562,79.673 558.743,79.167 560.652,78.425 C562.623,77.658 564.297,76.634 565.965,74.965 C567.633,73.296 568.659,71.625 569.425,69.651 C570.167,67.743 570.674,65.562 570.82,62.369 C570.966,59.17 571,58.147 571,50 C571,41.851 570.966,40.831 570.82,37.631\"><\/path><\/g><\/g><\/g><\/svg><\/div><div style=\"padding-top: 8px;\"> <div style=\" color:#3897f0; font-family:Arial,sans-serif; font-size:14px; font-style:normal; font-weight:550; line-height:18px;\">Voir cette publication sur Instagram<\/div><\/div><div style=\"padding: 12.5% 0;\"><\/div> <div style=\"display: flex; flex-direction: row; margin-bottom: 14px; align-items: center;\"><div> <div style=\"background-color: #F4F4F4; border-radius: 50%; height: 12.5px; width: 12.5px; transform: translateX(0px) translateY(7px);\"><\/div> <div style=\"background-color: #F4F4F4; height: 12.5px; transform: rotate(-45deg) translateX(3px) translateY(1px); width: 12.5px; flex-grow: 0; margin-right: 14px; margin-left: 2px;\"><\/div> <div style=\"background-color: #F4F4F4; border-radius: 50%; height: 12.5px; width: 12.5px; transform: translateX(9px) translateY(-18px);\"><\/div><\/div><div style=\"margin-left: 8px;\"> <div style=\" background-color: #F4F4F4; border-radius: 50%; flex-grow: 0; height: 20px; width: 20px;\"><\/div> <div style=\" width: 0; height: 0; border-top: 2px solid transparent; border-left: 6px solid #f4f4f4; border-bottom: 2px solid transparent; transform: translateX(16px) translateY(-4px) rotate(30deg)\"><\/div><\/div><div style=\"margin-left: auto;\"> <div style=\" width: 0px; border-top: 8px solid #F4F4F4; border-right: 8px solid transparent; transform: translateY(16px);\"><\/div> <div style=\" background-color: #F4F4F4; flex-grow: 0; height: 12px; width: 16px; transform: translateY(-4px);\"><\/div> <div style=\" width: 0; height: 0; border-top: 8px solid #F4F4F4; border-left: 8px solid transparent; transform: translateY(-4px) translateX(8px);\"><\/div><\/div><\/div> <div style=\"display: flex; flex-direction: column; flex-grow: 1; justify-content: center; margin-bottom: 24px;\"> <div style=\" background-color: #F4F4F4; border-radius: 4px; flex-grow: 0; height: 14px; margin-bottom: 6px; width: 224px;\"><\/div> <div style=\" background-color: #F4F4F4; border-radius: 4px; flex-grow: 0; height: 14px; width: 144px;\"><\/div><\/div><\/a><p style=\" color:#c9c8cd; font-family:Arial,sans-serif; font-size:14px; line-height:17px; margin-bottom:0; margin-top:8px; overflow:hidden; padding:8px 0 7px; text-align:center; text-overflow:ellipsis; white-space:nowrap;\"><a href=\"https:\/\/www.instagram.com\/reel\/C8bkXDatxHe\/?utm_source=ig_embed&amp;utm_campaign=loading\" style=\" color:#c9c8cd; font-family:Arial,sans-serif; font-size:14px; font-style:normal; font-weight:normal; line-height:17px; text-decoration:none;\" target=\"_blank\">Une publication partag\u00e9e par Guinguette des Ozieres (@la_guinguette_des_ozieres)<\/a><\/p><\/div><\/blockquote> <script async src=\"\/\/www.instagram.com\/embed.js\"><\/script><\/div>\n\t\t\t\t\t\t<\/div>\n\t\t\t\t<\/div>\n\t\t\t\t<\/div>\n\t\t<div class=\"elementor-element elementor-element-628031e e-con-full e-flex wpr-particle-no wpr-jarallax-no wpr-parallax-no wpr-sticky-section-no wpr-equal-height-no e-con e-child\" data-id=\"628031e\" data-element_type=\"container\" data-e-type=\"container\">\n\t\t\t\t<div class=\"elementor-element elementor-element-8358675 elementor-widget elementor-widget-text-editor\" data-id=\"8358675\" data-element_type=\"widget\" data-e-type=\"widget\" data-widget_type=\"text-editor.default\">\n\t\t\t\t<div class=\"elementor-widget-container\">\n\t\t\t\t\t\t\t\t\t<p><!-- notionvc: 5eaf52c2-becd-4769-a3c8-02f44e359943 --><\/p><h3><b>Quels formats de vid\u00e9os d\u2019entreprise privil\u00e9gier ?<\/b><\/h3><p>Selon vos besoins, plusieurs formats sont possibles :<\/p><ul><li><strong>Film corporate<\/strong> : pour une pr\u00e9sentation institutionnelle compl\u00e8te.<\/li><li><strong>Vid\u00e9o promotionnelle courte<\/strong> : id\u00e9ale pour les r\u00e9seaux sociaux.<\/li><li><strong>Portraits d\u2019\u00e9quipe ou interviews<\/strong> : pour humaniser votre communication.<\/li><li><strong>Vid\u00e9o \u00e9v\u00e9nementielle<\/strong> : pour couvrir un s\u00e9minaire, une inauguration ou une conf\u00e9rence.<\/li><\/ul><div>\u00a0<\/div><p>Chaque format a ses avantages, mais tous contribuent \u00e0 renforcer votre image de marque et \u00e0 accro\u00eetre votre visibilit\u00e9 en ligne.<\/p><h3>Penser \u00e0 la diffusion : le r\u00f4le du digital<\/h3><p>Une <strong>vid\u00e9o de pr\u00e9sentation \u00e0 Clermont-Ferrand<\/strong> ne vit pas seulement sur votre site internet. Elle peut (et doit !) circuler sur diff\u00e9rents supports : LinkedIn, Facebook, Instagram, YouTube, newsletters ou encore \u00e9crans lors d\u2019\u00e9v\u00e9nements professionnels.<\/p><p><!-- notionvc: 4ab4e426-576c-459a-bc31-551ed8702103 --><\/p><p>\ud83d\udc49 <strong>Astuce SEO<\/strong> : n\u2019oubliez pas d\u2019optimiser vos vid\u00e9os avec un titre clair, une description riche en mots-cl\u00e9s et des sous-titres. Cela facilite le r\u00e9f\u00e9rencement et rend votre contenu accessible \u00e0 un plus large public.<\/p><h3><!-- notionvc: dfa7e8b7-a7e8-4074-89d1-0119e6730e37 --><\/h3><p><!-- notionvc: fd52af9e-0abd-4103-90af-2ad418a508b3 --><\/p><p><!-- notionvc: 158f550f-9201-4c84-bedc-739bfb999b1e --><\/p>\t\t\t\t\t\t\t\t<\/div>\n\t\t\t\t<\/div>\n\t\t\t\t<\/div>\n\t\t\t\t\t<\/div>\n\t\t\t\t<\/div>\n\t\t<div class=\"elementor-element elementor-element-ef1fb79 e-flex e-con-boxed wpr-particle-no wpr-jarallax-no wpr-parallax-no wpr-sticky-section-no wpr-equal-height-no e-con e-parent\" data-id=\"ef1fb79\" data-element_type=\"container\" data-e-type=\"container\">\n\t\t\t\t\t<div class=\"e-con-inner\">\n\t\t\t\t<div class=\"elementor-element elementor-element-90866d1 elementor-widget elementor-widget-text-editor\" data-id=\"90866d1\" data-element_type=\"widget\" data-e-type=\"widget\" data-widget_type=\"text-editor.default\">\n\t\t\t\t<div class=\"elementor-widget-container\">\n\t\t\t\t\t\t\t\t\t<h4>\ud83c\udf1f L\u2019Aurore Cr\u00e9ative : votre partenaire vid\u00e9o \u00e0 Clermont-Ferrand<!-- notionvc: 4bed6b39-6594-47a9-ac08-9eb8e8dc5f2b --><\/h4><p>Sp\u00e9cialis\u00e9e en production audiovisuelle, <strong>L\u2019Aurore Cr\u00e9ative<\/strong> accompagne les entreprises, collectivit\u00e9s et associations dans la r\u00e9alisation de vid\u00e9os professionnelles sur-mesure. Notre \u00e9quipe allie cr\u00e9ativit\u00e9, technique et compr\u00e9hension des enjeux de communication pour donner vie \u00e0 des projets uniques.<\/p><p><!-- notionvc: cb4766c8-52f0-44d9-8995-2229472817e9 --><\/p><p>Que vous ayez besoin d\u2019un film d\u2019entreprise institutionnel, d\u2019une vid\u00e9o corporate pour les r\u00e9seaux sociaux ou d\u2019un reportage \u00e9v\u00e9nementiel, nous mettons en valeur votre histoire avec des images fortes et un storytelling percutant.<\/p><p>Voir nos services\u00a0 \ud83d\udc49\u00a0 <a href=\"http:\/\/video-entreprise-evenementiel\" data-wplink-url-error=\"true\">vid\u00e9o \u00e9v\u00e9nementielle d&rsquo;entreprise<\/a><\/p>\t\t\t\t\t\t\t\t<\/div>\n\t\t\t\t<\/div>\n\t\t\t\t\t<\/div>\n\t\t\t\t<\/div>\n\t\t<div class=\"elementor-element elementor-element-22a66f8 e-flex e-con-boxed wpr-particle-no wpr-jarallax-no wpr-parallax-no wpr-sticky-section-no wpr-equal-height-no e-con e-parent\" data-id=\"22a66f8\" data-element_type=\"container\" data-e-type=\"container\" data-settings=\"{&quot;background_background&quot;:&quot;classic&quot;}\">\n\t\t\t\t\t<div class=\"e-con-inner\">\n\t\t\t\t<div class=\"elementor-element elementor-element-0a46dcd elementor-widget elementor-widget-image\" data-id=\"0a46dcd\" data-element_type=\"widget\" data-e-type=\"widget\" data-widget_type=\"image.default\">\n\t\t\t\t<div class=\"elementor-widget-container\">\n\t\t\t\t\t\t\t\t\t\t\t\t\t\t\t<img decoding=\"async\" width=\"300\" height=\"116\" src=\"https:\/\/laurorecreative.fr\/wp-content\/uploads\/2024\/06\/le-studio-de-com-qui-fait-rayonner-vos-projets-300x116.png\" class=\"attachment-medium size-medium wp-image-648\" alt=\"\" srcset=\"https:\/\/laurorecreative.fr\/wp-content\/uploads\/2024\/06\/le-studio-de-com-qui-fait-rayonner-vos-projets-300x116.png 300w, https:\/\/laurorecreative.fr\/wp-content\/uploads\/2024\/06\/le-studio-de-com-qui-fait-rayonner-vos-projets-600x232.png 600w, https:\/\/laurorecreative.fr\/wp-content\/uploads\/2024\/06\/le-studio-de-com-qui-fait-rayonner-vos-projets-1024x397.png 1024w, https:\/\/laurorecreative.fr\/wp-content\/uploads\/2024\/06\/le-studio-de-com-qui-fait-rayonner-vos-projets-768x297.png 768w, https:\/\/laurorecreative.fr\/wp-content\/uploads\/2024\/06\/le-studio-de-com-qui-fait-rayonner-vos-projets.png 1500w\" sizes=\"(max-width: 300px) 100vw, 300px\" \/>\t\t\t\t\t\t\t\t\t\t\t\t\t\t\t<\/div>\n\t\t\t\t<\/div>\n\t\t\t\t\t<\/div>\n\t\t\t\t<\/div>\n\t\t\t\t<\/div>\n\t\t","protected":false},"excerpt":{"rendered":"<p>Vid\u00e9o de pr\u00e9sentation Clermont-Ferrand : comment raconter l\u2019histoire d\u2019une entreprise ? \ud83c\udfa5 Vid\u00e9o de pr\u00e9sentation Clermont-Ferrand : comment raconter l\u2019histoire d\u2019une entreprise ? La vid\u00e9o de pr\u00e9sentation d&rsquo;entreprise \u00e0 Clermont-Ferrand est devenue un outil incontournable pour les entreprises, commer\u00e7ants, artisans ou associations qui souhaitent se d\u00e9marquer. R\u00e9aliser une vid\u00e9o d\u2019entreprise impactante, c\u2019est bien plus que montrer des images : c\u2019est raconter une histoire, partager des valeurs et donner envie d\u2019en savoir plus. D\u00e9couvrez comment transformer une simple vid\u00e9o de pr\u00e9sentation en un v\u00e9ritable film corporate qui captive votre public. On vous guide pas \u00e0 pas ! \ud83e\udd1d \ud83d\ude80 Pourquoi cr\u00e9er une vid\u00e9o de pr\u00e9sentation pour votre entreprise ? Une vid\u00e9o de pr\u00e9sentation est bien plus qu\u2019une carte de visite anim\u00e9e. Elle permet : de mettre en avant vos produits, vos services et vos \u00e9quipes, d\u2019expliquer clairement votre savoir-faire, d\u2019humaniser votre communication en montrant le visage derri\u00e8re la marque. Dans un monde o\u00f9 l\u2019attention se joue en quelques secondes, une vid\u00e9o corporate bien pens\u00e9e attire l\u2019\u0153il, capte l\u2019int\u00e9r\u00eat et renforce la notori\u00e9t\u00e9 de votre entreprise \u00e0 Clermont-Ferrand et au-del\u00e0. Le storytelling vid\u00e9o : l\u2019art de captiver votre audience Raconter l\u2019histoire de votre entreprise \u00e0 travers une vid\u00e9o institutionnelle, c\u2019est un peu comme inviter vos clients \u00e0 un voyage. On ne leur donne pas seulement des informations, on les embarque dans une exp\u00e9rience immersive. Pour r\u00e9ussir, le storytelling vid\u00e9o repose sur trois piliers : DES IMAGES FORTES Tournage sur site, interviews, plans d\u2019ambiance. UN MESSAGE CLAIR vos valeurs, vos engagements, votre mission. UNE NARRATION ENGAGEANTE voix off, interview ou mise en sc\u00e8ne. L\u2019atout du digital : visibilit\u00e9 maximale \u00e0 moindre co\u00fbt Aujourd\u2019hui, le digital est incontournable pour toute campagne publicitaire, m\u00eame locale. Une publicit\u00e9 sur les r\u00e9seaux sociaux cibl\u00e9e sur Clermont-Ferrand permet de toucher rapidement des milliers de personnes\u2026 sans exploser votre budget. Facebook &amp; Instagram Ads pour les particuliers. LinkedIn Ads pour les pros. Google Ads pour \u00eatre trouv\u00e9 d\u00e8s les premi\u00e8res recherches. Vous pouvez m\u00eame coupler cela avec du contenu sponsoris\u00e9 ou des campagnes vid\u00e9o sur mesure. R\u00e9sultat : plus de visibilit\u00e9, plus d\u2019engagement, et un meilleur retour sur investissement. \ud83c\udfd4\ufe0f Vid\u00e9o d\u2019entreprise \u00e0 Clermont-Ferrand : un territoire inspirant Clermont-Ferrand et l\u2019Auvergne offrent un cadre id\u00e9al pour des vid\u00e9os de pr\u00e9sentation originales. Entre le dynamisme \u00e9conomique local et les paysages du Puy-de-D\u00f4me, les possibilit\u00e9s sont nombreuses : un tournage urbain au c\u0153ur du centre historique, des images a\u00e9riennes avec vue sur la cha\u00eene des Puys, des interviews dans vos locaux modernes ou authentiques. Mettre en avant cet ancrage territorial dans une vid\u00e9o institutionnelle, c\u2019est valoriser votre identit\u00e9 locale tout en renfor\u00e7ant votre cr\u00e9dibilit\u00e9. Comment r\u00e9ussir la r\u00e9alisation d\u2019une vid\u00e9o corporate ? Cr\u00e9er une vid\u00e9o promotionnelle efficace ne s\u2019improvise pas. Chaque \u00e9tape compte : D\u00e9finir vos objectifs\u00a0: attirer de nouveaux clients, valoriser vos \u00e9quipes, renforcer votre marque employeur. \u00c9laborer un storyboard : pr\u00e9voir les plans, les interviews et le d\u00e9roul\u00e9. R\u00e9aliser le tournage\u00a0: captation, mise en lumi\u00e8re, ambiance sonore. Assurer un montage dynamique\u00a0: musique adapt\u00e9e, transitions fluides, incrustations de texte. Optimiser la diffusion\u00a0: site internet, r\u00e9seaux sociaux, salons professionnels. Une agence vid\u00e9o comme L\u2019Aurore Cr\u00e9ative vous accompagne dans ce processus, en alliant cr\u00e9ativit\u00e9, technique et strat\u00e9gie de communication. ambiances de lieux Voir cette publication sur Instagram Une publication partag\u00e9e par Guinguette des Ozieres (@la_guinguette_des_ozieres) Quels formats de vid\u00e9os d\u2019entreprise privil\u00e9gier ? Selon vos besoins, plusieurs formats sont possibles : Film corporate : pour une pr\u00e9sentation institutionnelle compl\u00e8te. Vid\u00e9o promotionnelle courte : id\u00e9ale pour les r\u00e9seaux sociaux. Portraits d\u2019\u00e9quipe ou interviews : pour humaniser votre communication. Vid\u00e9o \u00e9v\u00e9nementielle : pour couvrir un s\u00e9minaire, une inauguration ou une conf\u00e9rence. \u00a0 Chaque format a ses avantages, mais tous contribuent \u00e0 renforcer votre image de marque et \u00e0 accro\u00eetre votre visibilit\u00e9 en ligne. Penser \u00e0 la diffusion : le r\u00f4le du digital Une vid\u00e9o de pr\u00e9sentation \u00e0 Clermont-Ferrand ne vit pas seulement sur votre site internet. Elle peut (et doit !) circuler sur diff\u00e9rents supports : LinkedIn, Facebook, Instagram, YouTube, newsletters ou encore \u00e9crans lors d\u2019\u00e9v\u00e9nements professionnels. \ud83d\udc49 Astuce SEO : n\u2019oubliez pas d\u2019optimiser vos vid\u00e9os avec un titre clair, une description riche en mots-cl\u00e9s et des sous-titres. Cela facilite le r\u00e9f\u00e9rencement et rend votre contenu accessible \u00e0 un plus large public. \ud83c\udf1f L\u2019Aurore Cr\u00e9ative : votre partenaire vid\u00e9o \u00e0 Clermont-Ferrand Sp\u00e9cialis\u00e9e en production audiovisuelle, L\u2019Aurore Cr\u00e9ative accompagne les entreprises, collectivit\u00e9s et associations dans la r\u00e9alisation de vid\u00e9os professionnelles sur-mesure. Notre \u00e9quipe allie cr\u00e9ativit\u00e9, technique et compr\u00e9hension des enjeux de communication pour donner vie \u00e0 des projets uniques. Que vous ayez besoin d\u2019un film d\u2019entreprise institutionnel, d\u2019une vid\u00e9o corporate pour les r\u00e9seaux sociaux ou d\u2019un reportage \u00e9v\u00e9nementiel, nous mettons en valeur votre histoire avec des images fortes et un storytelling percutant. Voir nos services\u00a0 \ud83d\udc49\u00a0 vid\u00e9o \u00e9v\u00e9nementielle d&rsquo;entreprise<\/p>\n","protected":false},"author":2,"featured_media":0,"comment_status":"closed","ping_status":"closed","sticky":false,"template":"","format":"standard","meta":{"footnotes":""},"categories":[1],"tags":[73,78,76,69,77,72,79,74,68,75,67,71,70],"class_list":["post-1538","post","type-post","status-publish","format-standard","hentry","category-blog","tag-affichage-publicitaire-clermont-ferrand","tag-agence-de-communication-clermont-ferrand","tag-campagne-de-communication-clermont-ferrand","tag-communication-a-clermont-ferrand","tag-communication-visuelle-clermont-ferrand","tag-creation-visuelle-clermont-ferrand","tag-graphisme-publicitaire","tag-marketing-local","tag-publicite-locale","tag-publicite-print-et-digitale-clermont-ferrand","tag-strategie-publicitaire-clermont-ferrand","tag-support-de-communication-clermont-ferrand","tag-visibilite-entreprise-clermont-ferrand"],"yoast_head":"<!-- This site is optimized with the Yoast SEO plugin v26.8 - https:\/\/yoast.com\/product\/yoast-seo-wordpress\/ -->\n<title>Vid\u00e9o pr\u00e9sentation Clermont-Ferrand, l&#039;histoire de votre entreprise<\/title>\n<meta name=\"description\" content=\"D\u00e9couvrez comment r\u00e9aliser une vid\u00e9o de pr\u00e9sentation \u00e0 Clermont-Ferrand pour valoriser votre entreprise. Storytelling, formats, diffusion : L\u2019Aurore Cr\u00e9ative vous accompagne.\" \/>\n<meta name=\"robots\" content=\"index, follow, max-snippet:-1, max-image-preview:large, max-video-preview:-1\" \/>\n<link rel=\"canonical\" href=\"https:\/\/laurorecreative.fr\/index.php\/2025\/12\/23\/video-presentation-entreprise-clermont-ferrand\/\" \/>\n<meta property=\"og:locale\" content=\"fr_FR\" \/>\n<meta property=\"og:type\" content=\"article\" \/>\n<meta property=\"og:title\" content=\"Vid\u00e9o pr\u00e9sentation Clermont-Ferrand, l&#039;histoire de votre entreprise\" \/>\n<meta property=\"og:description\" content=\"D\u00e9couvrez comment r\u00e9aliser une vid\u00e9o de pr\u00e9sentation \u00e0 Clermont-Ferrand pour valoriser votre entreprise. Storytelling, formats, diffusion : L\u2019Aurore Cr\u00e9ative vous accompagne.\" \/>\n<meta property=\"og:url\" content=\"https:\/\/laurorecreative.fr\/index.php\/2025\/12\/23\/video-presentation-entreprise-clermont-ferrand\/\" \/>\n<meta property=\"og:site_name\" content=\"laurorecreative.fr\" \/>\n<meta property=\"article:published_time\" content=\"2025-12-23T08:30:00+00:00\" \/>\n<meta property=\"og:image\" content=\"http:\/\/laurorecreative.fr\/wp-content\/uploads\/2024\/05\/Aurore-Creative_Logo_PDD-1024x332.png\" \/>\n<meta name=\"author\" content=\"Laure Abonnel\" \/>\n<meta name=\"twitter:card\" content=\"summary_large_image\" \/>\n<meta name=\"twitter:label1\" content=\"\u00c9crit par\" \/>\n\t<meta name=\"twitter:data1\" content=\"Laure Abonnel\" \/>\n\t<meta name=\"twitter:label2\" content=\"Dur\u00e9e de lecture estim\u00e9e\" \/>\n\t<meta name=\"twitter:data2\" content=\"5 minutes\" \/>\n<script type=\"application\/ld+json\" class=\"yoast-schema-graph\">{\"@context\":\"https:\/\/schema.org\",\"@graph\":[{\"@type\":\"Article\",\"@id\":\"https:\/\/laurorecreative.fr\/index.php\/2025\/12\/23\/video-presentation-entreprise-clermont-ferrand\/#article\",\"isPartOf\":{\"@id\":\"https:\/\/laurorecreative.fr\/index.php\/2025\/12\/23\/video-presentation-entreprise-clermont-ferrand\/\"},\"author\":{\"name\":\"Laure Abonnel\",\"@id\":\"https:\/\/laurorecreative.fr\/#\/schema\/person\/1af2cc1fa27d40a22610dfb5b200c753\"},\"headline\":\"Vid\u00e9o de pr\u00e9sentation Clermont-Ferrand : comment raconter l\u2019histoire d\u2019une entreprise ?\",\"datePublished\":\"2025-12-23T08:30:00+00:00\",\"mainEntityOfPage\":{\"@id\":\"https:\/\/laurorecreative.fr\/index.php\/2025\/12\/23\/video-presentation-entreprise-clermont-ferrand\/\"},\"wordCount\":895,\"publisher\":{\"@id\":\"https:\/\/laurorecreative.fr\/#organization\"},\"image\":{\"@id\":\"https:\/\/laurorecreative.fr\/index.php\/2025\/12\/23\/video-presentation-entreprise-clermont-ferrand\/#primaryimage\"},\"thumbnailUrl\":\"http:\/\/laurorecreative.fr\/wp-content\/uploads\/2024\/05\/Aurore-Creative_Logo_PDD-1024x332.png\",\"keywords\":[\"affichage publicitaire Clermont-Ferrand\",\"agence de communication Clermont-Ferrand\",\"campagne de communication Clermont-Ferrand\",\"communication \u00e0 Clermont-Ferrand\",\"communication visuelle Clermont-Ferrand\",\"cr\u00e9ation visuelle Clermont-Ferrand\",\"graphisme publicitaire\",\"marketing local\",\"publicit\u00e9 locale\",\"publicit\u00e9 print et digitale Clermont-Ferrand\",\"strat\u00e9gie publicitaire Clermont-Ferrand\",\"support de communication Clermont-Ferrand\",\"visibilit\u00e9 entreprise Clermont-Ferrand\"],\"articleSection\":[\"Blog\"],\"inLanguage\":\"fr-FR\"},{\"@type\":\"WebPage\",\"@id\":\"https:\/\/laurorecreative.fr\/index.php\/2025\/12\/23\/video-presentation-entreprise-clermont-ferrand\/\",\"url\":\"https:\/\/laurorecreative.fr\/index.php\/2025\/12\/23\/video-presentation-entreprise-clermont-ferrand\/\",\"name\":\"Vid\u00e9o pr\u00e9sentation Clermont-Ferrand, l'histoire de votre entreprise\",\"isPartOf\":{\"@id\":\"https:\/\/laurorecreative.fr\/#website\"},\"primaryImageOfPage\":{\"@id\":\"https:\/\/laurorecreative.fr\/index.php\/2025\/12\/23\/video-presentation-entreprise-clermont-ferrand\/#primaryimage\"},\"image\":{\"@id\":\"https:\/\/laurorecreative.fr\/index.php\/2025\/12\/23\/video-presentation-entreprise-clermont-ferrand\/#primaryimage\"},\"thumbnailUrl\":\"http:\/\/laurorecreative.fr\/wp-content\/uploads\/2024\/05\/Aurore-Creative_Logo_PDD-1024x332.png\",\"datePublished\":\"2025-12-23T08:30:00+00:00\",\"description\":\"D\u00e9couvrez comment r\u00e9aliser une vid\u00e9o de pr\u00e9sentation \u00e0 Clermont-Ferrand pour valoriser votre entreprise. Storytelling, formats, diffusion : L\u2019Aurore Cr\u00e9ative vous accompagne.\",\"breadcrumb\":{\"@id\":\"https:\/\/laurorecreative.fr\/index.php\/2025\/12\/23\/video-presentation-entreprise-clermont-ferrand\/#breadcrumb\"},\"inLanguage\":\"fr-FR\",\"potentialAction\":[{\"@type\":\"ReadAction\",\"target\":[\"https:\/\/laurorecreative.fr\/index.php\/2025\/12\/23\/video-presentation-entreprise-clermont-ferrand\/\"]}]},{\"@type\":\"ImageObject\",\"inLanguage\":\"fr-FR\",\"@id\":\"https:\/\/laurorecreative.fr\/index.php\/2025\/12\/23\/video-presentation-entreprise-clermont-ferrand\/#primaryimage\",\"url\":\"http:\/\/laurorecreative.fr\/wp-content\/uploads\/2024\/05\/Aurore-Creative_Logo_PDD-1024x332.png\",\"contentUrl\":\"http:\/\/laurorecreative.fr\/wp-content\/uploads\/2024\/05\/Aurore-Creative_Logo_PDD-1024x332.png\"},{\"@type\":\"BreadcrumbList\",\"@id\":\"https:\/\/laurorecreative.fr\/index.php\/2025\/12\/23\/video-presentation-entreprise-clermont-ferrand\/#breadcrumb\",\"itemListElement\":[{\"@type\":\"ListItem\",\"position\":1,\"name\":\"Accueil\",\"item\":\"https:\/\/laurorecreative.fr\/\"},{\"@type\":\"ListItem\",\"position\":2,\"name\":\"Vid\u00e9o de pr\u00e9sentation Clermont-Ferrand : comment raconter l\u2019histoire d\u2019une entreprise ?\"}]},{\"@type\":\"WebSite\",\"@id\":\"https:\/\/laurorecreative.fr\/#website\",\"url\":\"https:\/\/laurorecreative.fr\/\",\"name\":\"laurorecreative.fr\",\"description\":\"\",\"publisher\":{\"@id\":\"https:\/\/laurorecreative.fr\/#organization\"},\"potentialAction\":[{\"@type\":\"SearchAction\",\"target\":{\"@type\":\"EntryPoint\",\"urlTemplate\":\"https:\/\/laurorecreative.fr\/?s={search_term_string}\"},\"query-input\":{\"@type\":\"PropertyValueSpecification\",\"valueRequired\":true,\"valueName\":\"search_term_string\"}}],\"inLanguage\":\"fr-FR\"},{\"@type\":\"Organization\",\"@id\":\"https:\/\/laurorecreative.fr\/#organization\",\"name\":\"laurorecreative.fr\",\"url\":\"https:\/\/laurorecreative.fr\/\",\"logo\":{\"@type\":\"ImageObject\",\"inLanguage\":\"fr-FR\",\"@id\":\"https:\/\/laurorecreative.fr\/#\/schema\/logo\/image\/\",\"url\":\"https:\/\/laurorecreative.fr\/wp-content\/uploads\/2024\/06\/Aurore-Creative_Logo-copie.png\",\"contentUrl\":\"https:\/\/laurorecreative.fr\/wp-content\/uploads\/2024\/06\/Aurore-Creative_Logo-copie.png\",\"width\":300,\"height\":92,\"caption\":\"laurorecreative.fr\"},\"image\":{\"@id\":\"https:\/\/laurorecreative.fr\/#\/schema\/logo\/image\/\"}},{\"@type\":\"Person\",\"@id\":\"https:\/\/laurorecreative.fr\/#\/schema\/person\/1af2cc1fa27d40a22610dfb5b200c753\",\"name\":\"Laure Abonnel\",\"image\":{\"@type\":\"ImageObject\",\"inLanguage\":\"fr-FR\",\"@id\":\"https:\/\/laurorecreative.fr\/#\/schema\/person\/image\/\",\"url\":\"https:\/\/secure.gravatar.com\/avatar\/d6bc81e5e33c038934e2a3ef19b77eab?s=96&d=mm&r=g\",\"contentUrl\":\"https:\/\/secure.gravatar.com\/avatar\/d6bc81e5e33c038934e2a3ef19b77eab?s=96&d=mm&r=g\",\"caption\":\"Laure Abonnel\"},\"url\":\"https:\/\/laurorecreative.fr\/index.php\/author\/laure-abonnel\/\"}]}<\/script>\n<!-- \/ Yoast SEO plugin. -->","yoast_head_json":{"title":"Vid\u00e9o pr\u00e9sentation Clermont-Ferrand, l'histoire de votre entreprise","description":"D\u00e9couvrez comment r\u00e9aliser une vid\u00e9o de pr\u00e9sentation \u00e0 Clermont-Ferrand pour valoriser votre entreprise. Storytelling, formats, diffusion : L\u2019Aurore Cr\u00e9ative vous accompagne.","robots":{"index":"index","follow":"follow","max-snippet":"max-snippet:-1","max-image-preview":"max-image-preview:large","max-video-preview":"max-video-preview:-1"},"canonical":"https:\/\/laurorecreative.fr\/index.php\/2025\/12\/23\/video-presentation-entreprise-clermont-ferrand\/","og_locale":"fr_FR","og_type":"article","og_title":"Vid\u00e9o pr\u00e9sentation Clermont-Ferrand, l'histoire de votre entreprise","og_description":"D\u00e9couvrez comment r\u00e9aliser une vid\u00e9o de pr\u00e9sentation \u00e0 Clermont-Ferrand pour valoriser votre entreprise. Storytelling, formats, diffusion : L\u2019Aurore Cr\u00e9ative vous accompagne.","og_url":"https:\/\/laurorecreative.fr\/index.php\/2025\/12\/23\/video-presentation-entreprise-clermont-ferrand\/","og_site_name":"laurorecreative.fr","article_published_time":"2025-12-23T08:30:00+00:00","og_image":[{"url":"http:\/\/laurorecreative.fr\/wp-content\/uploads\/2024\/05\/Aurore-Creative_Logo_PDD-1024x332.png","type":"","width":"","height":""}],"author":"Laure Abonnel","twitter_card":"summary_large_image","twitter_misc":{"\u00c9crit par":"Laure Abonnel","Dur\u00e9e de lecture estim\u00e9e":"5 minutes"},"schema":{"@context":"https:\/\/schema.org","@graph":[{"@type":"Article","@id":"https:\/\/laurorecreative.fr\/index.php\/2025\/12\/23\/video-presentation-entreprise-clermont-ferrand\/#article","isPartOf":{"@id":"https:\/\/laurorecreative.fr\/index.php\/2025\/12\/23\/video-presentation-entreprise-clermont-ferrand\/"},"author":{"name":"Laure Abonnel","@id":"https:\/\/laurorecreative.fr\/#\/schema\/person\/1af2cc1fa27d40a22610dfb5b200c753"},"headline":"Vid\u00e9o de pr\u00e9sentation Clermont-Ferrand : comment raconter l\u2019histoire d\u2019une entreprise ?","datePublished":"2025-12-23T08:30:00+00:00","mainEntityOfPage":{"@id":"https:\/\/laurorecreative.fr\/index.php\/2025\/12\/23\/video-presentation-entreprise-clermont-ferrand\/"},"wordCount":895,"publisher":{"@id":"https:\/\/laurorecreative.fr\/#organization"},"image":{"@id":"https:\/\/laurorecreative.fr\/index.php\/2025\/12\/23\/video-presentation-entreprise-clermont-ferrand\/#primaryimage"},"thumbnailUrl":"http:\/\/laurorecreative.fr\/wp-content\/uploads\/2024\/05\/Aurore-Creative_Logo_PDD-1024x332.png","keywords":["affichage publicitaire Clermont-Ferrand","agence de communication Clermont-Ferrand","campagne de communication Clermont-Ferrand","communication \u00e0 Clermont-Ferrand","communication visuelle Clermont-Ferrand","cr\u00e9ation visuelle Clermont-Ferrand","graphisme publicitaire","marketing local","publicit\u00e9 locale","publicit\u00e9 print et digitale Clermont-Ferrand","strat\u00e9gie publicitaire Clermont-Ferrand","support de communication Clermont-Ferrand","visibilit\u00e9 entreprise Clermont-Ferrand"],"articleSection":["Blog"],"inLanguage":"fr-FR"},{"@type":"WebPage","@id":"https:\/\/laurorecreative.fr\/index.php\/2025\/12\/23\/video-presentation-entreprise-clermont-ferrand\/","url":"https:\/\/laurorecreative.fr\/index.php\/2025\/12\/23\/video-presentation-entreprise-clermont-ferrand\/","name":"Vid\u00e9o pr\u00e9sentation Clermont-Ferrand, l'histoire de votre entreprise","isPartOf":{"@id":"https:\/\/laurorecreative.fr\/#website"},"primaryImageOfPage":{"@id":"https:\/\/laurorecreative.fr\/index.php\/2025\/12\/23\/video-presentation-entreprise-clermont-ferrand\/#primaryimage"},"image":{"@id":"https:\/\/laurorecreative.fr\/index.php\/2025\/12\/23\/video-presentation-entreprise-clermont-ferrand\/#primaryimage"},"thumbnailUrl":"http:\/\/laurorecreative.fr\/wp-content\/uploads\/2024\/05\/Aurore-Creative_Logo_PDD-1024x332.png","datePublished":"2025-12-23T08:30:00+00:00","description":"D\u00e9couvrez comment r\u00e9aliser une vid\u00e9o de pr\u00e9sentation \u00e0 Clermont-Ferrand pour valoriser votre entreprise. Storytelling, formats, diffusion : L\u2019Aurore Cr\u00e9ative vous accompagne.","breadcrumb":{"@id":"https:\/\/laurorecreative.fr\/index.php\/2025\/12\/23\/video-presentation-entreprise-clermont-ferrand\/#breadcrumb"},"inLanguage":"fr-FR","potentialAction":[{"@type":"ReadAction","target":["https:\/\/laurorecreative.fr\/index.php\/2025\/12\/23\/video-presentation-entreprise-clermont-ferrand\/"]}]},{"@type":"ImageObject","inLanguage":"fr-FR","@id":"https:\/\/laurorecreative.fr\/index.php\/2025\/12\/23\/video-presentation-entreprise-clermont-ferrand\/#primaryimage","url":"http:\/\/laurorecreative.fr\/wp-content\/uploads\/2024\/05\/Aurore-Creative_Logo_PDD-1024x332.png","contentUrl":"http:\/\/laurorecreative.fr\/wp-content\/uploads\/2024\/05\/Aurore-Creative_Logo_PDD-1024x332.png"},{"@type":"BreadcrumbList","@id":"https:\/\/laurorecreative.fr\/index.php\/2025\/12\/23\/video-presentation-entreprise-clermont-ferrand\/#breadcrumb","itemListElement":[{"@type":"ListItem","position":1,"name":"Accueil","item":"https:\/\/laurorecreative.fr\/"},{"@type":"ListItem","position":2,"name":"Vid\u00e9o de pr\u00e9sentation Clermont-Ferrand : comment raconter l\u2019histoire d\u2019une entreprise ?"}]},{"@type":"WebSite","@id":"https:\/\/laurorecreative.fr\/#website","url":"https:\/\/laurorecreative.fr\/","name":"laurorecreative.fr","description":"","publisher":{"@id":"https:\/\/laurorecreative.fr\/#organization"},"potentialAction":[{"@type":"SearchAction","target":{"@type":"EntryPoint","urlTemplate":"https:\/\/laurorecreative.fr\/?s={search_term_string}"},"query-input":{"@type":"PropertyValueSpecification","valueRequired":true,"valueName":"search_term_string"}}],"inLanguage":"fr-FR"},{"@type":"Organization","@id":"https:\/\/laurorecreative.fr\/#organization","name":"laurorecreative.fr","url":"https:\/\/laurorecreative.fr\/","logo":{"@type":"ImageObject","inLanguage":"fr-FR","@id":"https:\/\/laurorecreative.fr\/#\/schema\/logo\/image\/","url":"https:\/\/laurorecreative.fr\/wp-content\/uploads\/2024\/06\/Aurore-Creative_Logo-copie.png","contentUrl":"https:\/\/laurorecreative.fr\/wp-content\/uploads\/2024\/06\/Aurore-Creative_Logo-copie.png","width":300,"height":92,"caption":"laurorecreative.fr"},"image":{"@id":"https:\/\/laurorecreative.fr\/#\/schema\/logo\/image\/"}},{"@type":"Person","@id":"https:\/\/laurorecreative.fr\/#\/schema\/person\/1af2cc1fa27d40a22610dfb5b200c753","name":"Laure Abonnel","image":{"@type":"ImageObject","inLanguage":"fr-FR","@id":"https:\/\/laurorecreative.fr\/#\/schema\/person\/image\/","url":"https:\/\/secure.gravatar.com\/avatar\/d6bc81e5e33c038934e2a3ef19b77eab?s=96&d=mm&r=g","contentUrl":"https:\/\/secure.gravatar.com\/avatar\/d6bc81e5e33c038934e2a3ef19b77eab?s=96&d=mm&r=g","caption":"Laure Abonnel"},"url":"https:\/\/laurorecreative.fr\/index.php\/author\/laure-abonnel\/"}]}},"_links":{"self":[{"href":"https:\/\/laurorecreative.fr\/index.php\/wp-json\/wp\/v2\/posts\/1538","targetHints":{"allow":["GET"]}}],"collection":[{"href":"https:\/\/laurorecreative.fr\/index.php\/wp-json\/wp\/v2\/posts"}],"about":[{"href":"https:\/\/laurorecreative.fr\/index.php\/wp-json\/wp\/v2\/types\/post"}],"author":[{"embeddable":true,"href":"https:\/\/laurorecreative.fr\/index.php\/wp-json\/wp\/v2\/users\/2"}],"replies":[{"embeddable":true,"href":"https:\/\/laurorecreative.fr\/index.php\/wp-json\/wp\/v2\/comments?post=1538"}],"version-history":[{"count":13,"href":"https:\/\/laurorecreative.fr\/index.php\/wp-json\/wp\/v2\/posts\/1538\/revisions"}],"predecessor-version":[{"id":1587,"href":"https:\/\/laurorecreative.fr\/index.php\/wp-json\/wp\/v2\/posts\/1538\/revisions\/1587"}],"wp:attachment":[{"href":"https:\/\/laurorecreative.fr\/index.php\/wp-json\/wp\/v2\/media?parent=1538"}],"wp:term":[{"taxonomy":"category","embeddable":true,"href":"https:\/\/laurorecreative.fr\/index.php\/wp-json\/wp\/v2\/categories?post=1538"},{"taxonomy":"post_tag","embeddable":true,"href":"https:\/\/laurorecreative.fr\/index.php\/wp-json\/wp\/v2\/tags?post=1538"}],"curies":[{"name":"wp","href":"https:\/\/api.w.org\/{rel}","templated":true}]}}