{"id":1471,"date":"2025-10-15T09:43:00","date_gmt":"2025-10-15T07:43:00","guid":{"rendered":"https:\/\/laurorecreative.fr\/?p=1471"},"modified":"2025-10-13T10:29:01","modified_gmt":"2025-10-13T08:29:01","slug":"video-evenementielle-clermont-ferrand","status":"publish","type":"post","link":"https:\/\/laurorecreative.fr\/index.php\/2025\/10\/15\/video-evenementielle-clermont-ferrand\/","title":{"rendered":"Vid\u00e9o \u00e9v\u00e9nementielle Clermont-Ferrand : comment attirer plus de monde ?"},"content":{"rendered":"\t\t<div data-elementor-type=\"wp-post\" data-elementor-id=\"1471\" class=\"elementor elementor-1471\">\n\t\t\t\t<div class=\"elementor-element elementor-element-0b9d54a e-flex e-con-boxed wpr-particle-no wpr-jarallax-no wpr-parallax-no wpr-sticky-section-no wpr-equal-height-no e-con e-parent\" data-id=\"0b9d54a\" data-element_type=\"container\" data-e-type=\"container\">\n\t\t\t\t\t<div class=\"e-con-inner\">\n\t\t\t\t<div class=\"elementor-element elementor-element-1c0424a elementor-widget elementor-widget-text-editor\" data-id=\"1c0424a\" data-element_type=\"widget\" data-e-type=\"widget\" data-widget_type=\"text-editor.default\">\n\t\t\t\t<div class=\"elementor-widget-container\">\n\t\t\t\t\t\t\t\t\t<h1><b>Vid\u00e9o \u00e9v\u00e9nementielle Clermont-Ferrand :\u00a0<\/b><\/h1><h1><b>comment attirer plus de monde ?<\/b><!-- notionvc: 0e30c6cf-1616-4be8-b5dd-232c202c1133 --><\/h1>\t\t\t\t\t\t\t\t<\/div>\n\t\t\t\t<\/div>\n\t\t\t\t\t<\/div>\n\t\t\t\t<\/div>\n\t\t<div class=\"elementor-element elementor-element-afa0200 e-flex e-con-boxed wpr-particle-no wpr-jarallax-no wpr-parallax-no wpr-sticky-section-no wpr-equal-height-no e-con e-parent\" data-id=\"afa0200\" data-element_type=\"container\" data-e-type=\"container\">\n\t\t\t\t\t<div class=\"e-con-inner\">\n\t\t\t\t\t<\/div>\n\t\t\t\t<\/div>\n\t\t<div class=\"elementor-element elementor-element-68a22ec e-flex e-con-boxed wpr-particle-no wpr-jarallax-no wpr-parallax-no wpr-sticky-section-no wpr-equal-height-no e-con e-parent\" data-id=\"68a22ec\" data-element_type=\"container\" data-e-type=\"container\">\n\t\t\t\t\t<div class=\"e-con-inner\">\n\t\t<div class=\"elementor-element elementor-element-2ee802c e-con-full e-flex wpr-particle-no wpr-jarallax-no wpr-parallax-no wpr-sticky-section-no wpr-equal-height-no e-con e-child\" data-id=\"2ee802c\" data-element_type=\"container\" data-e-type=\"container\">\n\t\t\t\t<div class=\"elementor-element elementor-element-7961e59 elementor-widget__width-initial elementor-widget elementor-widget-image\" data-id=\"7961e59\" data-element_type=\"widget\" data-e-type=\"widget\" data-widget_type=\"image.default\">\n\t\t\t\t<div class=\"elementor-widget-container\">\n\t\t\t\t\t\t\t\t\t\t\t\t\t\t\t<img fetchpriority=\"high\" decoding=\"async\" width=\"677\" height=\"840\" src=\"https:\/\/laurorecreative.fr\/wp-content\/uploads\/2024\/07\/Aurelien-gerber-laurore-creative-copie.png\" class=\"attachment-1536x1536 size-1536x1536 wp-image-814\" alt=\"\" srcset=\"https:\/\/laurorecreative.fr\/wp-content\/uploads\/2024\/07\/Aurelien-gerber-laurore-creative-copie.png 677w, https:\/\/laurorecreative.fr\/wp-content\/uploads\/2024\/07\/Aurelien-gerber-laurore-creative-copie-600x744.png 600w, https:\/\/laurorecreative.fr\/wp-content\/uploads\/2024\/07\/Aurelien-gerber-laurore-creative-copie-242x300.png 242w\" sizes=\"(max-width: 677px) 100vw, 677px\" \/>\t\t\t\t\t\t\t\t\t\t\t\t\t\t\t<\/div>\n\t\t\t\t<\/div>\n\t\t\t\t<\/div>\n\t\t<div class=\"elementor-element elementor-element-1e57c16 e-con-full e-flex wpr-particle-no wpr-jarallax-no wpr-parallax-no wpr-sticky-section-no wpr-equal-height-no e-con e-child\" data-id=\"1e57c16\" data-element_type=\"container\" data-e-type=\"container\">\n\t\t\t\t<div class=\"elementor-element elementor-element-1ccb088 elementor-widget elementor-widget-text-editor\" data-id=\"1ccb088\" data-element_type=\"widget\" data-e-type=\"widget\" data-widget_type=\"text-editor.default\">\n\t\t\t\t<div class=\"elementor-widget-container\">\n\t\t\t\t\t\t\t\t\t<h2><strong>\ud83c\udfa5 Vid\u00e9aste Clermont-Ferrand : comment attirer plus de monde \u00e0 votre \u00e9v\u00e9nement ?<\/strong><\/h2><p>Un \u00e9v\u00e9nement, c\u2019est \u00e9ph\u00e9m\u00e8re. Une vid\u00e9o \u00e9v\u00e9nementielle \u00e0 Clermont-Ferrand, c&rsquo;est durable. Faire appel \u00e0 un vid\u00e9aste professionnel \u00e0 Clermont-Ferrand, c\u2019est transformer vos temps forts en un levier de communication puissant.\u00a0<\/p><h3><span style=\"font-family: inherit; font-size: 1.75rem;\">\u00a0<\/span><\/h3><h3><span style=\"font-family: inherit; font-size: 1.75rem;\">Pourquoi la vid\u00e9o \u00e9v\u00e9nementielle est devenue incontournable \u00e0 Clermont-Ferrand ?<\/span><\/h3><p>Aujourd\u2019hui, on scrolle plus vite qu\u2019on ne lit. Pour <strong>attirer du monde \u00e0 votre \u00e9v\u00e9nement<\/strong>, il faut capter l\u2019attention l\u00e0 o\u00f9 elle se trouve : en ligne, et en vid\u00e9o. C\u2019est simple : une publication avec une vid\u00e9o g\u00e9n\u00e8re en moyenne 10 fois plus d\u2019engagement qu\u2019un contenu texte ou image seul.<\/p><p>Faire appel \u00e0 un <strong>vid\u00e9aste<\/strong>, c\u2019est bien plus que \u201cfaire des jolies images\u201d :<\/p><ul><li>C\u2019est <strong>raconter une histoire<\/strong>, celle de votre \u00e9v\u00e9nement, de votre marque, de votre projet.<\/li><li>C\u2019est <strong>g\u00e9n\u00e9rer de l\u2019\u00e9motion<\/strong>, de l\u2019envie, du partage.<\/li><li>C\u2019est <strong>ancrer votre \u00e9v\u00e9nement dans les m\u00e9moires<\/strong>, et sur le web.<\/li><\/ul><p><!-- notionvc: 99383208-47d9-4848-aed1-c0e964f123ae --><\/p>\t\t\t\t\t\t\t\t<\/div>\n\t\t\t\t<\/div>\n\t\t\t\t<\/div>\n\t\t\t\t\t<\/div>\n\t\t\t\t<\/div>\n\t\t<div class=\"elementor-element elementor-element-30c2f4d e-flex e-con-boxed wpr-particle-no wpr-jarallax-no wpr-parallax-no wpr-sticky-section-no wpr-equal-height-no e-con e-parent\" data-id=\"30c2f4d\" data-element_type=\"container\" data-e-type=\"container\">\n\t\t\t\t\t<div class=\"e-con-inner\">\n\t\t\t\t<div class=\"elementor-element elementor-element-8a0902f elementor-widget elementor-widget-text-editor\" data-id=\"8a0902f\" data-element_type=\"widget\" data-e-type=\"widget\" data-widget_type=\"text-editor.default\">\n\t\t\t\t<div class=\"elementor-widget-container\">\n\t\t\t\t\t\t\t\t\t<h3>Avant, pendant, apr\u00e8s : 3 \u00e9tapes pour maximiser votre visibilit\u00e9 \u00e0 Clermont-Ferrand<\/h3><p>Nous ne nous contentons pas seulement de filmer le jour J : en tant que <strong>vid\u00e9aste \u00e9v\u00e9nementiel \u00e0 Clermont-Ferrand<\/strong>, nous vous accompagnons dans une vraie <strong>strat\u00e9gie de contenu vid\u00e9o<\/strong>.<\/p><p>Voici comment nous vous conseillons de proc\u00e9der :<\/p><p><!-- notionvc: b91eee09-74ab-47ee-8ee2-0be0814abfe7 --><\/p>\t\t\t\t\t\t\t\t<\/div>\n\t\t\t\t<\/div>\n\t\t\t\t\t<\/div>\n\t\t\t\t<\/div>\n\t\t<div class=\"elementor-element elementor-element-ebce710 e-flex e-con-boxed wpr-particle-no wpr-jarallax-no wpr-parallax-no wpr-sticky-section-no wpr-equal-height-no e-con e-parent\" data-id=\"ebce710\" data-element_type=\"container\" data-e-type=\"container\">\n\t\t\t\t\t<div class=\"e-con-inner\">\n\t\t<div class=\"elementor-element elementor-element-7bf9464 e-con-full e-flex wpr-particle-no wpr-jarallax-no wpr-parallax-no wpr-sticky-section-no wpr-equal-height-no e-con e-child\" data-id=\"7bf9464\" data-element_type=\"container\" data-e-type=\"container\">\n\t\t\t\t<div class=\"elementor-element elementor-element-fcd74ad elementor-widget elementor-widget-heading\" data-id=\"fcd74ad\" data-element_type=\"widget\" data-e-type=\"widget\" data-widget_type=\"heading.default\">\n\t\t\t\t<div class=\"elementor-widget-container\">\n\t\t\t\t\t<h3 class=\"elementor-heading-title elementor-size-default\">1<\/h3>\t\t\t\t<\/div>\n\t\t\t\t<\/div>\n\t\t\t\t<\/div>\n\t\t<div class=\"elementor-element elementor-element-56ea3ef e-con-full e-flex wpr-particle-no wpr-jarallax-no wpr-parallax-no wpr-sticky-section-no wpr-equal-height-no e-con e-child\" data-id=\"56ea3ef\" data-element_type=\"container\" data-e-type=\"container\">\n\t\t\t\t<div class=\"elementor-element elementor-element-c82a9d1 elementor-widget elementor-widget-text-editor\" data-id=\"c82a9d1\" data-element_type=\"widget\" data-e-type=\"widget\" data-widget_type=\"text-editor.default\">\n\t\t\t\t<div class=\"elementor-widget-container\">\n\t\t\t\t\t\t\t\t\t<h4><b>Avant l\u2019\u00e9v\u00e9nement : cr\u00e9ation d\u2019un TEASER<\/b><\/h4><p>Un teaser court et dynamique, diffus\u00e9 sur vos r\u00e9seaux sociaux ou via votre newsletter, peut cr\u00e9er de l\u2019engagement bien avant l\u2019\u00e9v\u00e9nement.<\/p><p>\ud83c\udfaf <strong>Le petit bonus qui peut faire la diff\u00e9rence<\/strong> : pour donner encore plus d\u2019impact \u00e0 votre vid\u00e9o, pensez \u00e0 la sponsoriser. En quelques clics, vous pouvez la diffuser aupr\u00e8s d\u2019un public plus large et ultra-cibl\u00e9.<\/p><p><!-- notionvc: e1e031a5-b153-4cac-91d9-c8d83fbb1b7c --><\/p><p>\ud83d\udc49 D\u00e9couvrez tous les avantages dans notre article : <a href=\"\/campagne-publicitaire-clermont-ferrand\"><strong>Vid\u00e9o sponsoris\u00e9e : comment toucher plus de monde efficacement ?<\/strong><\/a><\/p>\t\t\t\t\t\t\t\t<\/div>\n\t\t\t\t<\/div>\n\t\t\t\t<\/div>\n\t\t\t\t\t<\/div>\n\t\t\t\t<\/div>\n\t\t<div class=\"elementor-element elementor-element-08a2f62 e-flex e-con-boxed wpr-particle-no wpr-jarallax-no wpr-parallax-no wpr-sticky-section-no wpr-equal-height-no e-con e-parent\" data-id=\"08a2f62\" data-element_type=\"container\" data-e-type=\"container\">\n\t\t\t\t\t<div class=\"e-con-inner\">\n\t\t<div class=\"elementor-element elementor-element-34fc424 e-con-full e-flex wpr-particle-no wpr-jarallax-no wpr-parallax-no wpr-sticky-section-no wpr-equal-height-no e-con e-child\" data-id=\"34fc424\" data-element_type=\"container\" data-e-type=\"container\">\n\t\t\t\t<div class=\"elementor-element elementor-element-2290883 elementor-widget elementor-widget-heading\" data-id=\"2290883\" data-element_type=\"widget\" data-e-type=\"widget\" data-widget_type=\"heading.default\">\n\t\t\t\t<div class=\"elementor-widget-container\">\n\t\t\t\t\t<h3 class=\"elementor-heading-title elementor-size-default\">2<\/h3>\t\t\t\t<\/div>\n\t\t\t\t<\/div>\n\t\t\t\t<\/div>\n\t\t<div class=\"elementor-element elementor-element-25c7b66 e-con-full e-flex wpr-particle-no wpr-jarallax-no wpr-parallax-no wpr-sticky-section-no wpr-equal-height-no e-con e-child\" data-id=\"25c7b66\" data-element_type=\"container\" data-e-type=\"container\">\n\t\t\t\t<div class=\"elementor-element elementor-element-330ca06 elementor-widget elementor-widget-text-editor\" data-id=\"330ca06\" data-element_type=\"widget\" data-e-type=\"widget\" data-widget_type=\"text-editor.default\">\n\t\t\t\t<div class=\"elementor-widget-container\">\n\t\t\t\t\t\t\t\t\t<h4><strong>Pendant l\u2019\u00e9v\u00e9nement : capter l\u2019INSTANT<\/strong><!-- notionvc: 98c89be5-3eaf-4125-926b-2ab32e25dd88 --><\/h4><p>Captation vid\u00e9o, interviews, plans de coupe\u2026 Tout est pens\u00e9 pour retranscrire l\u2019\u00e9nergie du moment et <strong>valoriser les temps forts<\/strong> de votre \u00e9v\u00e9nement. Un <strong>vid\u00e9aste Clermont-Ferrand<\/strong> saura s\u2019adapter \u00e0 votre environnement pour capturer les meilleurs angles, m\u00eame dans les conditions les plus complexes.<\/p><h4><!-- notionvc: f47e7286-cf60-4172-a3d5-3a09266646b1 --><\/h4>\t\t\t\t\t\t\t\t<\/div>\n\t\t\t\t<\/div>\n\t\t\t\t<\/div>\n\t\t\t\t\t<\/div>\n\t\t\t\t<\/div>\n\t\t<div class=\"elementor-element elementor-element-746e16e e-flex e-con-boxed wpr-particle-no wpr-jarallax-no wpr-parallax-no wpr-sticky-section-no wpr-equal-height-no e-con e-parent\" data-id=\"746e16e\" data-element_type=\"container\" data-e-type=\"container\">\n\t\t\t\t\t<div class=\"e-con-inner\">\n\t\t<div class=\"elementor-element elementor-element-3fb2429 e-con-full e-flex wpr-particle-no wpr-jarallax-no wpr-parallax-no wpr-sticky-section-no wpr-equal-height-no e-con e-child\" data-id=\"3fb2429\" data-element_type=\"container\" data-e-type=\"container\">\n\t\t\t\t<div class=\"elementor-element elementor-element-c959790 elementor-widget elementor-widget-heading\" data-id=\"c959790\" data-element_type=\"widget\" data-e-type=\"widget\" data-widget_type=\"heading.default\">\n\t\t\t\t<div class=\"elementor-widget-container\">\n\t\t\t\t\t<h3 class=\"elementor-heading-title elementor-size-default\">3<\/h3>\t\t\t\t<\/div>\n\t\t\t\t<\/div>\n\t\t\t\t<\/div>\n\t\t<div class=\"elementor-element elementor-element-a46ec4a e-con-full e-flex wpr-particle-no wpr-jarallax-no wpr-parallax-no wpr-sticky-section-no wpr-equal-height-no e-con e-child\" data-id=\"a46ec4a\" data-element_type=\"container\" data-e-type=\"container\">\n\t\t\t\t<div class=\"elementor-element elementor-element-854edbd elementor-widget elementor-widget-text-editor\" data-id=\"854edbd\" data-element_type=\"widget\" data-e-type=\"widget\" data-widget_type=\"text-editor.default\">\n\t\t\t\t<div class=\"elementor-widget-container\">\n\t\t\t\t\t\t\t\t\t<h4><b>Apr\u00e8s l\u2019\u00e9v\u00e9nement : faire durer l\u2019IMPACT<\/b><\/h4><h4><span style=\"font-size: 15px;\">Une fois l\u2019\u00e9v\u00e9nement pass\u00e9, la vid\u00e9o permet de faire durer l\u2019instant. Vous pouvez la publier sur diff\u00e9rents r\u00e9seaux sociaux (Facebook, Instagram, LinkedIn, TikTok\u2026) pour continuer \u00e0 faire vivre votre \u00e9v\u00e9nement et toucher encore plus de monde.<\/span><\/h4><p>Travailler avec un <strong>vid\u00e9aste professionnel \u00e0 Clermont-Ferrand<\/strong>, ce n\u2019est pas une simple d\u00e9pense. C\u2019est un <strong>investissement strat\u00e9gique<\/strong>. Voici ce qu\u2019un pro de la vid\u00e9o vous apporte :<\/p><ul><li>Un <strong>regard cr\u00e9atif<\/strong> et un sc\u00e9nario pens\u00e9 pour votre cible.<\/li><li>Une <strong>qualit\u00e9 d\u2019image et de son irr\u00e9prochable<\/strong>.<\/li><li>Des <strong>formats adapt\u00e9s<\/strong> \u00e0 chaque canal de diffusion.<\/li><li>Un <strong>accompagnement complet<\/strong> avant, pendant et apr\u00e8s le tournage.<\/li><\/ul><div>\u00a0<\/div><p>\ud83d\udccc Et surtout : un gain de temps et un rendu professionnel, fid\u00e8le \u00e0 votre image.<\/p><h4><!-- notionvc: b68e663f-de82-456a-a6c9-1c1ef6736087 --><\/h4><h4><!-- notionvc: f47e7286-cf60-4172-a3d5-3a09266646b1 --><\/h4>\t\t\t\t\t\t\t\t<\/div>\n\t\t\t\t<\/div>\n\t\t\t\t<\/div>\n\t\t\t\t\t<\/div>\n\t\t\t\t<\/div>\n\t\t<div class=\"elementor-element elementor-element-18e66ac e-flex e-con-boxed wpr-particle-no wpr-jarallax-no wpr-parallax-no wpr-sticky-section-no wpr-equal-height-no e-con e-parent\" data-id=\"18e66ac\" data-element_type=\"container\" data-e-type=\"container\">\n\t\t\t\t\t<div class=\"e-con-inner\">\n\t\t<div class=\"elementor-element elementor-element-8da8b59 e-con-full e-flex wpr-particle-no wpr-jarallax-no wpr-parallax-no wpr-sticky-section-no wpr-equal-height-no e-con e-child\" data-id=\"8da8b59\" data-element_type=\"container\" data-e-type=\"container\">\n\t\t\t\t<div class=\"elementor-element elementor-element-1abd18d elementor-widget__width-initial elementor-widget elementor-widget-image\" data-id=\"1abd18d\" data-element_type=\"widget\" data-e-type=\"widget\" data-widget_type=\"image.default\">\n\t\t\t\t<div class=\"elementor-widget-container\">\n\t\t\t\t\t\t\t\t\t\t\t\t\t\t\t<img decoding=\"async\" width=\"800\" height=\"259\" src=\"https:\/\/laurorecreative.fr\/wp-content\/uploads\/2024\/05\/Aurore-Creative_Logo_PDD-1024x332.png\" class=\"attachment-large size-large wp-image-241\" alt=\"\" srcset=\"https:\/\/laurorecreative.fr\/wp-content\/uploads\/2024\/05\/Aurore-Creative_Logo_PDD-1024x332.png 1024w, https:\/\/laurorecreative.fr\/wp-content\/uploads\/2024\/05\/Aurore-Creative_Logo_PDD-600x194.png 600w, https:\/\/laurorecreative.fr\/wp-content\/uploads\/2024\/05\/Aurore-Creative_Logo_PDD-300x97.png 300w, https:\/\/laurorecreative.fr\/wp-content\/uploads\/2024\/05\/Aurore-Creative_Logo_PDD-768x249.png 768w, https:\/\/laurorecreative.fr\/wp-content\/uploads\/2024\/05\/Aurore-Creative_Logo_PDD-1536x498.png 1536w, https:\/\/laurorecreative.fr\/wp-content\/uploads\/2024\/05\/Aurore-Creative_Logo_PDD.png 1565w\" sizes=\"(max-width: 800px) 100vw, 800px\" \/>\t\t\t\t\t\t\t\t\t\t\t\t\t\t\t<\/div>\n\t\t\t\t<\/div>\n\t\t\t\t<\/div>\n\t\t<div class=\"elementor-element elementor-element-8631d0a e-con-full e-flex wpr-particle-no wpr-jarallax-no wpr-parallax-no wpr-sticky-section-no wpr-equal-height-no e-con e-child\" data-id=\"8631d0a\" data-element_type=\"container\" data-e-type=\"container\">\n\t\t\t\t<div class=\"elementor-element elementor-element-5d4c5fa elementor-widget elementor-widget-image\" data-id=\"5d4c5fa\" data-element_type=\"widget\" data-e-type=\"widget\" data-widget_type=\"image.default\">\n\t\t\t\t<div class=\"elementor-widget-container\">\n\t\t\t\t\t\t\t\t\t\t\t\t\t\t\t<img decoding=\"async\" width=\"300\" height=\"300\" src=\"https:\/\/laurorecreative.fr\/wp-content\/uploads\/2024\/02\/Aurore-Creative_Logo_icon_site-26-300x300.png\" class=\"attachment-medium size-medium wp-image-122\" alt=\"\" srcset=\"https:\/\/laurorecreative.fr\/wp-content\/uploads\/2024\/02\/Aurore-Creative_Logo_icon_site-26-300x300.png 300w, https:\/\/laurorecreative.fr\/wp-content\/uploads\/2024\/02\/Aurore-Creative_Logo_icon_site-26-600x600.png 600w, https:\/\/laurorecreative.fr\/wp-content\/uploads\/2024\/02\/Aurore-Creative_Logo_icon_site-26-100x100.png 100w, https:\/\/laurorecreative.fr\/wp-content\/uploads\/2024\/02\/Aurore-Creative_Logo_icon_site-26-1024x1024.png 1024w, https:\/\/laurorecreative.fr\/wp-content\/uploads\/2024\/02\/Aurore-Creative_Logo_icon_site-26-150x150.png 150w, https:\/\/laurorecreative.fr\/wp-content\/uploads\/2024\/02\/Aurore-Creative_Logo_icon_site-26-768x768.png 768w, https:\/\/laurorecreative.fr\/wp-content\/uploads\/2024\/02\/Aurore-Creative_Logo_icon_site-26.png 1251w\" sizes=\"(max-width: 300px) 100vw, 300px\" \/>\t\t\t\t\t\t\t\t\t\t\t\t\t\t\t<\/div>\n\t\t\t\t<\/div>\n\t\t\t\t<\/div>\n\t\t\t\t\t<\/div>\n\t\t\t\t<\/div>\n\t\t<div class=\"elementor-element elementor-element-04db372 e-flex e-con-boxed wpr-particle-no wpr-jarallax-no wpr-parallax-no wpr-sticky-section-no wpr-equal-height-no e-con e-parent\" data-id=\"04db372\" data-element_type=\"container\" data-e-type=\"container\">\n\t\t\t\t\t<div class=\"e-con-inner\">\n\t\t\t\t<div class=\"elementor-element elementor-element-41bfb0b elementor-widget elementor-widget-text-editor\" data-id=\"41bfb0b\" data-element_type=\"widget\" data-e-type=\"widget\" data-widget_type=\"text-editor.default\">\n\t\t\t\t<div class=\"elementor-widget-container\">\n\t\t\t\t\t\t\t\t\t<h3>\ud83d\udccd Clermont-Ferrand : un d\u00e9cor id\u00e9al pour vos tournages \u00e9v\u00e9nementiels<\/h3><p>Situ\u00e9 au c\u0153ur de l\u2019Auvergne, <strong>Clermont-Ferrand<\/strong> offre un d\u00e9cor naturel et urbain parfait pour les <strong>tournages vid\u00e9o professionnels<\/strong>. Un <strong>vid\u00e9aste bas\u00e9 \u00e0 Clermont-Ferrand<\/strong> peut exploiter les nombreux atouts de la r\u00e9gion pour donner du caract\u00e8re \u00e0 vos productions :<\/p><ul><li>La Place de Jaude et son ambiance urbaine.<\/li><li>Le centre historique de Montferrand pour un cadre authentique.<\/li><li>Le parc naturel r\u00e9gional des Volcans d\u2019Auvergne pour des plans en pleine nature.<\/li><li>Le Stade Marcel-Michelin, id\u00e9al pour les \u00e9v\u00e9nements sportifs.<\/li><li>Les domaines, ch\u00e2teaux et salles alentours pour vos r\u00e9ceptions ou s\u00e9minaires.<\/li><\/ul><p>Bref, que vous organisiez un \u00e9v\u00e9nement grand public ou professionnel, <strong>Clermont-Ferrand regorge de d\u00e9cors inspirants<\/strong> pour cr\u00e9er des vid\u00e9os marquantes.<\/p><p><!-- notionvc: db17c00b-abcf-4b12-8cee-5d9b31695e56 --><\/p>\t\t\t\t\t\t\t\t<\/div>\n\t\t\t\t<\/div>\n\t\t\t\t\t<\/div>\n\t\t\t\t<\/div>\n\t\t<div class=\"elementor-element elementor-element-6f27a2d e-flex e-con-boxed wpr-particle-no wpr-jarallax-no wpr-parallax-no wpr-sticky-section-no wpr-equal-height-no e-con e-parent\" data-id=\"6f27a2d\" data-element_type=\"container\" data-e-type=\"container\">\n\t\t\t\t\t<div class=\"e-con-inner\">\n\t\t\t\t<div class=\"elementor-element elementor-element-0c06fc3 elementor-widget elementor-widget-text-editor\" data-id=\"0c06fc3\" data-element_type=\"widget\" data-e-type=\"widget\" data-widget_type=\"text-editor.default\">\n\t\t\t\t<div class=\"elementor-widget-container\">\n\t\t\t\t\t\t\t\t\t<h4>Des exemples d&rsquo;\u00e9v\u00e9nements qui m\u00e9ritent une vid\u00e9o ?<\/h4><p>Spoiler : tous ! La vid\u00e9o s\u2019adapte \u00e0 de nombreux formats d\u2019\u00e9v\u00e9nements, quels que soient votre secteur ou vos objectifs :<\/p><ul><li><strong>Lancements de produits<\/strong>, inaugurations, portes ouvertes.<\/li><li><strong>Conf\u00e9rences<\/strong>, s\u00e9minaires, formations.<\/li><li><strong>Festivals<\/strong>, salons, animations culturelles.<\/li><li><strong>C\u00e9r\u00e9monies<\/strong>, remises de prix, galas, \u00e9v\u00e9nements sportifs.<\/li><\/ul><p>M\u00eame un simple team building peut devenir un <strong>contenu de communication puissant<\/strong>, \u00e0 condition d\u2019\u00eatre bien capt\u00e9\u2026 et bien mont\u00e9 !<\/p><h3>\u00a0<\/h3><h3><strong>\ud83c\udfac Faites appel \u00e0 un vid\u00e9aste pour vos \u00e9v\u00e9nements \u00e0 Clermont-Ferrand\u00a0<\/strong><\/h3><p>Chez <strong>L\u2019Aurore Cr\u00e9ative<\/strong>, notre \u00e9quipe vous accompagne pour cr\u00e9er des vid\u00e9os sur-mesure, percutantes et adapt\u00e9es \u00e0 votre strat\u00e9gie.<\/p><p>\ud83d\udc49 <strong>D\u00e9couvrez notre service vid\u00e9o complet<\/strong> : tournage, montage, d\u00e9clinaisons r\u00e9seaux sociaux, interviews\u2026<\/p><p><a href=\"https:\/\/laurorecreative.fr\/index.php\/video-entreprise-evenementiel\/\">\ud83d\udcf2 Acc\u00e9der \u00e0 notre service vid\u00e9o<\/a>\u00a0et retrouver des exemples de vid\u00e9os \u00e9v\u00e9nementielles sur <a href=\"https:\/\/www.instagram.com\/laurore.creative\/\">notre page Instagram\u00a0<\/a><\/p><p><!-- notionvc: 8aacb5a7-8a42-470c-93bf-edd2a0a2d92a --><\/p><p><!-- notionvc: bdfc18f3-63a1-4187-9867-170d77306e09 --><\/p>\t\t\t\t\t\t\t\t<\/div>\n\t\t\t\t<\/div>\n\t\t\t\t\t<\/div>\n\t\t\t\t<\/div>\n\t\t\t\t<\/div>\n\t\t","protected":false},"excerpt":{"rendered":"<p>Vid\u00e9o \u00e9v\u00e9nementielle Clermont-Ferrand :\u00a0 comment attirer plus de monde ? \ud83c\udfa5 Vid\u00e9aste Clermont-Ferrand : comment attirer plus de monde \u00e0 votre \u00e9v\u00e9nement ? Un \u00e9v\u00e9nement, c\u2019est \u00e9ph\u00e9m\u00e8re. Une vid\u00e9o \u00e9v\u00e9nementielle \u00e0 Clermont-Ferrand, c&rsquo;est durable. Faire appel \u00e0 un vid\u00e9aste professionnel \u00e0 Clermont-Ferrand, c\u2019est transformer vos temps forts en un levier de communication puissant.\u00a0 \u00a0 Pourquoi la vid\u00e9o \u00e9v\u00e9nementielle est devenue incontournable \u00e0 Clermont-Ferrand ? Aujourd\u2019hui, on scrolle plus vite qu\u2019on ne lit. Pour attirer du monde \u00e0 votre \u00e9v\u00e9nement, il faut capter l\u2019attention l\u00e0 o\u00f9 elle se trouve : en ligne, et en vid\u00e9o. C\u2019est simple : une publication avec une vid\u00e9o g\u00e9n\u00e8re en moyenne 10 fois plus d\u2019engagement qu\u2019un contenu texte ou image seul. Faire appel \u00e0 un vid\u00e9aste, c\u2019est bien plus que \u201cfaire des jolies images\u201d : C\u2019est raconter une histoire, celle de votre \u00e9v\u00e9nement, de votre marque, de votre projet. C\u2019est g\u00e9n\u00e9rer de l\u2019\u00e9motion, de l\u2019envie, du partage. C\u2019est ancrer votre \u00e9v\u00e9nement dans les m\u00e9moires, et sur le web. Avant, pendant, apr\u00e8s : 3 \u00e9tapes pour maximiser votre visibilit\u00e9 \u00e0 Clermont-Ferrand Nous ne nous contentons pas seulement de filmer le jour J : en tant que vid\u00e9aste \u00e9v\u00e9nementiel \u00e0 Clermont-Ferrand, nous vous accompagnons dans une vraie strat\u00e9gie de contenu vid\u00e9o. Voici comment nous vous conseillons de proc\u00e9der : 1 Avant l\u2019\u00e9v\u00e9nement : cr\u00e9ation d\u2019un TEASER Un teaser court et dynamique, diffus\u00e9 sur vos r\u00e9seaux sociaux ou via votre newsletter, peut cr\u00e9er de l\u2019engagement bien avant l\u2019\u00e9v\u00e9nement. \ud83c\udfaf Le petit bonus qui peut faire la diff\u00e9rence : pour donner encore plus d\u2019impact \u00e0 votre vid\u00e9o, pensez \u00e0 la sponsoriser. En quelques clics, vous pouvez la diffuser aupr\u00e8s d\u2019un public plus large et ultra-cibl\u00e9. \ud83d\udc49 D\u00e9couvrez tous les avantages dans notre article : Vid\u00e9o sponsoris\u00e9e : comment toucher plus de monde efficacement ? 2 Pendant l\u2019\u00e9v\u00e9nement : capter l\u2019INSTANT Captation vid\u00e9o, interviews, plans de coupe\u2026 Tout est pens\u00e9 pour retranscrire l\u2019\u00e9nergie du moment et valoriser les temps forts de votre \u00e9v\u00e9nement. Un vid\u00e9aste Clermont-Ferrand saura s\u2019adapter \u00e0 votre environnement pour capturer les meilleurs angles, m\u00eame dans les conditions les plus complexes. 3 Apr\u00e8s l\u2019\u00e9v\u00e9nement : faire durer l\u2019IMPACT Une fois l\u2019\u00e9v\u00e9nement pass\u00e9, la vid\u00e9o permet de faire durer l\u2019instant. Vous pouvez la publier sur diff\u00e9rents r\u00e9seaux sociaux (Facebook, Instagram, LinkedIn, TikTok\u2026) pour continuer \u00e0 faire vivre votre \u00e9v\u00e9nement et toucher encore plus de monde. Travailler avec un vid\u00e9aste professionnel \u00e0 Clermont-Ferrand, ce n\u2019est pas une simple d\u00e9pense. C\u2019est un investissement strat\u00e9gique. Voici ce qu\u2019un pro de la vid\u00e9o vous apporte : Un regard cr\u00e9atif et un sc\u00e9nario pens\u00e9 pour votre cible. Une qualit\u00e9 d\u2019image et de son irr\u00e9prochable. Des formats adapt\u00e9s \u00e0 chaque canal de diffusion. Un accompagnement complet avant, pendant et apr\u00e8s le tournage. \u00a0 \ud83d\udccc Et surtout : un gain de temps et un rendu professionnel, fid\u00e8le \u00e0 votre image. \ud83d\udccd Clermont-Ferrand : un d\u00e9cor id\u00e9al pour vos tournages \u00e9v\u00e9nementiels Situ\u00e9 au c\u0153ur de l\u2019Auvergne, Clermont-Ferrand offre un d\u00e9cor naturel et urbain parfait pour les tournages vid\u00e9o professionnels. Un vid\u00e9aste bas\u00e9 \u00e0 Clermont-Ferrand peut exploiter les nombreux atouts de la r\u00e9gion pour donner du caract\u00e8re \u00e0 vos productions : La Place de Jaude et son ambiance urbaine. Le centre historique de Montferrand pour un cadre authentique. Le parc naturel r\u00e9gional des Volcans d\u2019Auvergne pour des plans en pleine nature. Le Stade Marcel-Michelin, id\u00e9al pour les \u00e9v\u00e9nements sportifs. Les domaines, ch\u00e2teaux et salles alentours pour vos r\u00e9ceptions ou s\u00e9minaires. Bref, que vous organisiez un \u00e9v\u00e9nement grand public ou professionnel, Clermont-Ferrand regorge de d\u00e9cors inspirants pour cr\u00e9er des vid\u00e9os marquantes. Des exemples d&rsquo;\u00e9v\u00e9nements qui m\u00e9ritent une vid\u00e9o ? Spoiler : tous ! La vid\u00e9o s\u2019adapte \u00e0 de nombreux formats d\u2019\u00e9v\u00e9nements, quels que soient votre secteur ou vos objectifs : Lancements de produits, inaugurations, portes ouvertes. Conf\u00e9rences, s\u00e9minaires, formations. Festivals, salons, animations culturelles. C\u00e9r\u00e9monies, remises de prix, galas, \u00e9v\u00e9nements sportifs. M\u00eame un simple team building peut devenir un contenu de communication puissant, \u00e0 condition d\u2019\u00eatre bien capt\u00e9\u2026 et bien mont\u00e9 ! \u00a0 \ud83c\udfac Faites appel \u00e0 un vid\u00e9aste pour vos \u00e9v\u00e9nements \u00e0 Clermont-Ferrand\u00a0 Chez L\u2019Aurore Cr\u00e9ative, notre \u00e9quipe vous accompagne pour cr\u00e9er des vid\u00e9os sur-mesure, percutantes et adapt\u00e9es \u00e0 votre strat\u00e9gie. \ud83d\udc49 D\u00e9couvrez notre service vid\u00e9o complet : tournage, montage, d\u00e9clinaisons r\u00e9seaux sociaux, interviews\u2026 \ud83d\udcf2 Acc\u00e9der \u00e0 notre service vid\u00e9o\u00a0et retrouver des exemples de vid\u00e9os \u00e9v\u00e9nementielles sur notre page Instagram\u00a0<\/p>\n","protected":false},"author":2,"featured_media":0,"comment_status":"closed","ping_status":"closed","sticky":false,"template":"","format":"standard","meta":{"footnotes":""},"categories":[1],"tags":[62,55,57,53,61,65,63,58,52,64,66,56,60,51,59,54],"class_list":["post-1471","post","type-post","status-publish","format-standard","hentry","category-blog","tag-agence-audiovisuelle-clermont-ferrand","tag-attirer-du-public-evenement","tag-captation-video-evenement","tag-communication-evenementielle","tag-communication-visuelle-evenement","tag-diffusion-video-reseaux-sociaux","tag-evenement-entreprise-auvergne","tag-film-evenementiel-entreprise","tag-prestataire-video-clermont-ferrand","tag-reportage-video-evenement","tag-strategie-de-communication-evenementielle","tag-teaser-video-evenement","tag-videaste-professionnel-evenementiel","tag-video-evenementielle","tag-video-pro-clermont-ferrand","tag-video-promotionnelle-evenement"],"yoast_head":"<!-- This site is optimized with the Yoast SEO plugin v26.8 - https:\/\/yoast.com\/product\/yoast-seo-wordpress\/ -->\n<title>Vid\u00e9o \u00e9v\u00e9nementielle Clermont-Ferrand : attirez l&#039;attention<\/title>\n<meta name=\"description\" content=\"Transformez vos \u00e9v\u00e9nements en r\u00e9cits m\u00e9morables gr\u00e2ce \u00e0 la vid\u00e9o \u00e9v\u00e9nementielle Clermont-Ferrand et captez l&#039;attention en ligne.\" \/>\n<meta name=\"robots\" content=\"index, follow, max-snippet:-1, max-image-preview:large, max-video-preview:-1\" \/>\n<link rel=\"canonical\" href=\"https:\/\/laurorecreative.fr\/index.php\/2025\/10\/15\/video-evenementielle-clermont-ferrand\/\" \/>\n<meta property=\"og:locale\" content=\"fr_FR\" \/>\n<meta property=\"og:type\" content=\"article\" \/>\n<meta property=\"og:title\" content=\"Vid\u00e9o \u00e9v\u00e9nementielle Clermont-Ferrand : attirez l&#039;attention\" \/>\n<meta property=\"og:description\" content=\"Transformez vos \u00e9v\u00e9nements en r\u00e9cits m\u00e9morables gr\u00e2ce \u00e0 la vid\u00e9o \u00e9v\u00e9nementielle Clermont-Ferrand et captez l&#039;attention en ligne.\" \/>\n<meta property=\"og:url\" content=\"https:\/\/laurorecreative.fr\/index.php\/2025\/10\/15\/video-evenementielle-clermont-ferrand\/\" \/>\n<meta property=\"og:site_name\" content=\"laurorecreative.fr\" \/>\n<meta property=\"article:published_time\" content=\"2025-10-15T07:43:00+00:00\" \/>\n<meta property=\"og:image\" content=\"http:\/\/laurorecreative.fr\/wp-content\/uploads\/2024\/07\/Aurelien-gerber-laurore-creative-copie.png\" \/>\n<meta name=\"author\" content=\"Laure Abonnel\" \/>\n<meta name=\"twitter:card\" content=\"summary_large_image\" \/>\n<meta name=\"twitter:label1\" content=\"\u00c9crit par\" \/>\n\t<meta name=\"twitter:data1\" content=\"Laure Abonnel\" \/>\n\t<meta name=\"twitter:label2\" content=\"Dur\u00e9e de lecture estim\u00e9e\" \/>\n\t<meta name=\"twitter:data2\" content=\"5 minutes\" \/>\n<script type=\"application\/ld+json\" class=\"yoast-schema-graph\">{\"@context\":\"https:\/\/schema.org\",\"@graph\":[{\"@type\":\"Article\",\"@id\":\"https:\/\/laurorecreative.fr\/index.php\/2025\/10\/15\/video-evenementielle-clermont-ferrand\/#article\",\"isPartOf\":{\"@id\":\"https:\/\/laurorecreative.fr\/index.php\/2025\/10\/15\/video-evenementielle-clermont-ferrand\/\"},\"author\":{\"name\":\"Laure Abonnel\",\"@id\":\"https:\/\/laurorecreative.fr\/#\/schema\/person\/1af2cc1fa27d40a22610dfb5b200c753\"},\"headline\":\"Vid\u00e9o \u00e9v\u00e9nementielle Clermont-Ferrand : comment attirer plus de monde ?\",\"datePublished\":\"2025-10-15T07:43:00+00:00\",\"mainEntityOfPage\":{\"@id\":\"https:\/\/laurorecreative.fr\/index.php\/2025\/10\/15\/video-evenementielle-clermont-ferrand\/\"},\"wordCount\":800,\"publisher\":{\"@id\":\"https:\/\/laurorecreative.fr\/#organization\"},\"image\":{\"@id\":\"https:\/\/laurorecreative.fr\/index.php\/2025\/10\/15\/video-evenementielle-clermont-ferrand\/#primaryimage\"},\"thumbnailUrl\":\"http:\/\/laurorecreative.fr\/wp-content\/uploads\/2024\/07\/Aurelien-gerber-laurore-creative-copie.png\",\"keywords\":[\"agence audiovisuelle Clermont-Ferrand\",\"attirer du public \u00e9v\u00e9nement\",\"captation vid\u00e9o \u00e9v\u00e9nement\",\"communication \u00e9v\u00e9nementielle\",\"communication visuelle \u00e9v\u00e9nement\",\"diffusion vid\u00e9o r\u00e9seaux sociaux\",\"\u00e9v\u00e9nement entreprise Auvergne\",\"film \u00e9v\u00e9nementiel entreprise\",\"prestataire vid\u00e9o Clermont-Ferrand\",\"reportage vid\u00e9o \u00e9v\u00e9nement\",\"strat\u00e9gie de communication \u00e9v\u00e9nementielle\",\"teaser vid\u00e9o \u00e9v\u00e9nement\",\"vid\u00e9aste professionnel \u00e9v\u00e9nementiel\",\"vid\u00e9o \u00e9v\u00e9nementielle\",\"vid\u00e9o pro Clermont-Ferrand\",\"vid\u00e9o promotionnelle \u00e9v\u00e9nement\"],\"articleSection\":[\"Blog\"],\"inLanguage\":\"fr-FR\"},{\"@type\":\"WebPage\",\"@id\":\"https:\/\/laurorecreative.fr\/index.php\/2025\/10\/15\/video-evenementielle-clermont-ferrand\/\",\"url\":\"https:\/\/laurorecreative.fr\/index.php\/2025\/10\/15\/video-evenementielle-clermont-ferrand\/\",\"name\":\"Vid\u00e9o \u00e9v\u00e9nementielle Clermont-Ferrand : attirez l'attention\",\"isPartOf\":{\"@id\":\"https:\/\/laurorecreative.fr\/#website\"},\"primaryImageOfPage\":{\"@id\":\"https:\/\/laurorecreative.fr\/index.php\/2025\/10\/15\/video-evenementielle-clermont-ferrand\/#primaryimage\"},\"image\":{\"@id\":\"https:\/\/laurorecreative.fr\/index.php\/2025\/10\/15\/video-evenementielle-clermont-ferrand\/#primaryimage\"},\"thumbnailUrl\":\"http:\/\/laurorecreative.fr\/wp-content\/uploads\/2024\/07\/Aurelien-gerber-laurore-creative-copie.png\",\"datePublished\":\"2025-10-15T07:43:00+00:00\",\"description\":\"Transformez vos \u00e9v\u00e9nements en r\u00e9cits m\u00e9morables gr\u00e2ce \u00e0 la vid\u00e9o \u00e9v\u00e9nementielle Clermont-Ferrand et captez l'attention en ligne.\",\"breadcrumb\":{\"@id\":\"https:\/\/laurorecreative.fr\/index.php\/2025\/10\/15\/video-evenementielle-clermont-ferrand\/#breadcrumb\"},\"inLanguage\":\"fr-FR\",\"potentialAction\":[{\"@type\":\"ReadAction\",\"target\":[\"https:\/\/laurorecreative.fr\/index.php\/2025\/10\/15\/video-evenementielle-clermont-ferrand\/\"]}]},{\"@type\":\"ImageObject\",\"inLanguage\":\"fr-FR\",\"@id\":\"https:\/\/laurorecreative.fr\/index.php\/2025\/10\/15\/video-evenementielle-clermont-ferrand\/#primaryimage\",\"url\":\"https:\/\/laurorecreative.fr\/wp-content\/uploads\/2024\/07\/Aurelien-gerber-laurore-creative-copie.png\",\"contentUrl\":\"https:\/\/laurorecreative.fr\/wp-content\/uploads\/2024\/07\/Aurelien-gerber-laurore-creative-copie.png\",\"width\":677,\"height\":840},{\"@type\":\"BreadcrumbList\",\"@id\":\"https:\/\/laurorecreative.fr\/index.php\/2025\/10\/15\/video-evenementielle-clermont-ferrand\/#breadcrumb\",\"itemListElement\":[{\"@type\":\"ListItem\",\"position\":1,\"name\":\"Accueil\",\"item\":\"https:\/\/laurorecreative.fr\/\"},{\"@type\":\"ListItem\",\"position\":2,\"name\":\"Vid\u00e9o \u00e9v\u00e9nementielle Clermont-Ferrand : comment attirer plus de monde ?\"}]},{\"@type\":\"WebSite\",\"@id\":\"https:\/\/laurorecreative.fr\/#website\",\"url\":\"https:\/\/laurorecreative.fr\/\",\"name\":\"laurorecreative.fr\",\"description\":\"\",\"publisher\":{\"@id\":\"https:\/\/laurorecreative.fr\/#organization\"},\"potentialAction\":[{\"@type\":\"SearchAction\",\"target\":{\"@type\":\"EntryPoint\",\"urlTemplate\":\"https:\/\/laurorecreative.fr\/?s={search_term_string}\"},\"query-input\":{\"@type\":\"PropertyValueSpecification\",\"valueRequired\":true,\"valueName\":\"search_term_string\"}}],\"inLanguage\":\"fr-FR\"},{\"@type\":\"Organization\",\"@id\":\"https:\/\/laurorecreative.fr\/#organization\",\"name\":\"laurorecreative.fr\",\"url\":\"https:\/\/laurorecreative.fr\/\",\"logo\":{\"@type\":\"ImageObject\",\"inLanguage\":\"fr-FR\",\"@id\":\"https:\/\/laurorecreative.fr\/#\/schema\/logo\/image\/\",\"url\":\"https:\/\/laurorecreative.fr\/wp-content\/uploads\/2024\/06\/Aurore-Creative_Logo-copie.png\",\"contentUrl\":\"https:\/\/laurorecreative.fr\/wp-content\/uploads\/2024\/06\/Aurore-Creative_Logo-copie.png\",\"width\":300,\"height\":92,\"caption\":\"laurorecreative.fr\"},\"image\":{\"@id\":\"https:\/\/laurorecreative.fr\/#\/schema\/logo\/image\/\"}},{\"@type\":\"Person\",\"@id\":\"https:\/\/laurorecreative.fr\/#\/schema\/person\/1af2cc1fa27d40a22610dfb5b200c753\",\"name\":\"Laure Abonnel\",\"image\":{\"@type\":\"ImageObject\",\"inLanguage\":\"fr-FR\",\"@id\":\"https:\/\/laurorecreative.fr\/#\/schema\/person\/image\/\",\"url\":\"https:\/\/secure.gravatar.com\/avatar\/d6bc81e5e33c038934e2a3ef19b77eab?s=96&d=mm&r=g\",\"contentUrl\":\"https:\/\/secure.gravatar.com\/avatar\/d6bc81e5e33c038934e2a3ef19b77eab?s=96&d=mm&r=g\",\"caption\":\"Laure Abonnel\"},\"url\":\"https:\/\/laurorecreative.fr\/index.php\/author\/laure-abonnel\/\"}]}<\/script>\n<!-- \/ Yoast SEO plugin. -->","yoast_head_json":{"title":"Vid\u00e9o \u00e9v\u00e9nementielle Clermont-Ferrand : attirez l'attention","description":"Transformez vos \u00e9v\u00e9nements en r\u00e9cits m\u00e9morables gr\u00e2ce \u00e0 la vid\u00e9o \u00e9v\u00e9nementielle Clermont-Ferrand et captez l'attention en ligne.","robots":{"index":"index","follow":"follow","max-snippet":"max-snippet:-1","max-image-preview":"max-image-preview:large","max-video-preview":"max-video-preview:-1"},"canonical":"https:\/\/laurorecreative.fr\/index.php\/2025\/10\/15\/video-evenementielle-clermont-ferrand\/","og_locale":"fr_FR","og_type":"article","og_title":"Vid\u00e9o \u00e9v\u00e9nementielle Clermont-Ferrand : attirez l'attention","og_description":"Transformez vos \u00e9v\u00e9nements en r\u00e9cits m\u00e9morables gr\u00e2ce \u00e0 la vid\u00e9o \u00e9v\u00e9nementielle Clermont-Ferrand et captez l'attention en ligne.","og_url":"https:\/\/laurorecreative.fr\/index.php\/2025\/10\/15\/video-evenementielle-clermont-ferrand\/","og_site_name":"laurorecreative.fr","article_published_time":"2025-10-15T07:43:00+00:00","og_image":[{"url":"http:\/\/laurorecreative.fr\/wp-content\/uploads\/2024\/07\/Aurelien-gerber-laurore-creative-copie.png","type":"","width":"","height":""}],"author":"Laure Abonnel","twitter_card":"summary_large_image","twitter_misc":{"\u00c9crit par":"Laure Abonnel","Dur\u00e9e de lecture estim\u00e9e":"5 minutes"},"schema":{"@context":"https:\/\/schema.org","@graph":[{"@type":"Article","@id":"https:\/\/laurorecreative.fr\/index.php\/2025\/10\/15\/video-evenementielle-clermont-ferrand\/#article","isPartOf":{"@id":"https:\/\/laurorecreative.fr\/index.php\/2025\/10\/15\/video-evenementielle-clermont-ferrand\/"},"author":{"name":"Laure Abonnel","@id":"https:\/\/laurorecreative.fr\/#\/schema\/person\/1af2cc1fa27d40a22610dfb5b200c753"},"headline":"Vid\u00e9o \u00e9v\u00e9nementielle Clermont-Ferrand : comment attirer plus de monde ?","datePublished":"2025-10-15T07:43:00+00:00","mainEntityOfPage":{"@id":"https:\/\/laurorecreative.fr\/index.php\/2025\/10\/15\/video-evenementielle-clermont-ferrand\/"},"wordCount":800,"publisher":{"@id":"https:\/\/laurorecreative.fr\/#organization"},"image":{"@id":"https:\/\/laurorecreative.fr\/index.php\/2025\/10\/15\/video-evenementielle-clermont-ferrand\/#primaryimage"},"thumbnailUrl":"http:\/\/laurorecreative.fr\/wp-content\/uploads\/2024\/07\/Aurelien-gerber-laurore-creative-copie.png","keywords":["agence audiovisuelle Clermont-Ferrand","attirer du public \u00e9v\u00e9nement","captation vid\u00e9o \u00e9v\u00e9nement","communication \u00e9v\u00e9nementielle","communication visuelle \u00e9v\u00e9nement","diffusion vid\u00e9o r\u00e9seaux sociaux","\u00e9v\u00e9nement entreprise Auvergne","film \u00e9v\u00e9nementiel entreprise","prestataire vid\u00e9o Clermont-Ferrand","reportage vid\u00e9o \u00e9v\u00e9nement","strat\u00e9gie de communication \u00e9v\u00e9nementielle","teaser vid\u00e9o \u00e9v\u00e9nement","vid\u00e9aste professionnel \u00e9v\u00e9nementiel","vid\u00e9o \u00e9v\u00e9nementielle","vid\u00e9o pro Clermont-Ferrand","vid\u00e9o promotionnelle \u00e9v\u00e9nement"],"articleSection":["Blog"],"inLanguage":"fr-FR"},{"@type":"WebPage","@id":"https:\/\/laurorecreative.fr\/index.php\/2025\/10\/15\/video-evenementielle-clermont-ferrand\/","url":"https:\/\/laurorecreative.fr\/index.php\/2025\/10\/15\/video-evenementielle-clermont-ferrand\/","name":"Vid\u00e9o \u00e9v\u00e9nementielle Clermont-Ferrand : attirez l'attention","isPartOf":{"@id":"https:\/\/laurorecreative.fr\/#website"},"primaryImageOfPage":{"@id":"https:\/\/laurorecreative.fr\/index.php\/2025\/10\/15\/video-evenementielle-clermont-ferrand\/#primaryimage"},"image":{"@id":"https:\/\/laurorecreative.fr\/index.php\/2025\/10\/15\/video-evenementielle-clermont-ferrand\/#primaryimage"},"thumbnailUrl":"http:\/\/laurorecreative.fr\/wp-content\/uploads\/2024\/07\/Aurelien-gerber-laurore-creative-copie.png","datePublished":"2025-10-15T07:43:00+00:00","description":"Transformez vos \u00e9v\u00e9nements en r\u00e9cits m\u00e9morables gr\u00e2ce \u00e0 la vid\u00e9o \u00e9v\u00e9nementielle Clermont-Ferrand et captez l'attention en ligne.","breadcrumb":{"@id":"https:\/\/laurorecreative.fr\/index.php\/2025\/10\/15\/video-evenementielle-clermont-ferrand\/#breadcrumb"},"inLanguage":"fr-FR","potentialAction":[{"@type":"ReadAction","target":["https:\/\/laurorecreative.fr\/index.php\/2025\/10\/15\/video-evenementielle-clermont-ferrand\/"]}]},{"@type":"ImageObject","inLanguage":"fr-FR","@id":"https:\/\/laurorecreative.fr\/index.php\/2025\/10\/15\/video-evenementielle-clermont-ferrand\/#primaryimage","url":"https:\/\/laurorecreative.fr\/wp-content\/uploads\/2024\/07\/Aurelien-gerber-laurore-creative-copie.png","contentUrl":"https:\/\/laurorecreative.fr\/wp-content\/uploads\/2024\/07\/Aurelien-gerber-laurore-creative-copie.png","width":677,"height":840},{"@type":"BreadcrumbList","@id":"https:\/\/laurorecreative.fr\/index.php\/2025\/10\/15\/video-evenementielle-clermont-ferrand\/#breadcrumb","itemListElement":[{"@type":"ListItem","position":1,"name":"Accueil","item":"https:\/\/laurorecreative.fr\/"},{"@type":"ListItem","position":2,"name":"Vid\u00e9o \u00e9v\u00e9nementielle Clermont-Ferrand : comment attirer plus de monde ?"}]},{"@type":"WebSite","@id":"https:\/\/laurorecreative.fr\/#website","url":"https:\/\/laurorecreative.fr\/","name":"laurorecreative.fr","description":"","publisher":{"@id":"https:\/\/laurorecreative.fr\/#organization"},"potentialAction":[{"@type":"SearchAction","target":{"@type":"EntryPoint","urlTemplate":"https:\/\/laurorecreative.fr\/?s={search_term_string}"},"query-input":{"@type":"PropertyValueSpecification","valueRequired":true,"valueName":"search_term_string"}}],"inLanguage":"fr-FR"},{"@type":"Organization","@id":"https:\/\/laurorecreative.fr\/#organization","name":"laurorecreative.fr","url":"https:\/\/laurorecreative.fr\/","logo":{"@type":"ImageObject","inLanguage":"fr-FR","@id":"https:\/\/laurorecreative.fr\/#\/schema\/logo\/image\/","url":"https:\/\/laurorecreative.fr\/wp-content\/uploads\/2024\/06\/Aurore-Creative_Logo-copie.png","contentUrl":"https:\/\/laurorecreative.fr\/wp-content\/uploads\/2024\/06\/Aurore-Creative_Logo-copie.png","width":300,"height":92,"caption":"laurorecreative.fr"},"image":{"@id":"https:\/\/laurorecreative.fr\/#\/schema\/logo\/image\/"}},{"@type":"Person","@id":"https:\/\/laurorecreative.fr\/#\/schema\/person\/1af2cc1fa27d40a22610dfb5b200c753","name":"Laure Abonnel","image":{"@type":"ImageObject","inLanguage":"fr-FR","@id":"https:\/\/laurorecreative.fr\/#\/schema\/person\/image\/","url":"https:\/\/secure.gravatar.com\/avatar\/d6bc81e5e33c038934e2a3ef19b77eab?s=96&d=mm&r=g","contentUrl":"https:\/\/secure.gravatar.com\/avatar\/d6bc81e5e33c038934e2a3ef19b77eab?s=96&d=mm&r=g","caption":"Laure Abonnel"},"url":"https:\/\/laurorecreative.fr\/index.php\/author\/laure-abonnel\/"}]}},"_links":{"self":[{"href":"https:\/\/laurorecreative.fr\/index.php\/wp-json\/wp\/v2\/posts\/1471","targetHints":{"allow":["GET"]}}],"collection":[{"href":"https:\/\/laurorecreative.fr\/index.php\/wp-json\/wp\/v2\/posts"}],"about":[{"href":"https:\/\/laurorecreative.fr\/index.php\/wp-json\/wp\/v2\/types\/post"}],"author":[{"embeddable":true,"href":"https:\/\/laurorecreative.fr\/index.php\/wp-json\/wp\/v2\/users\/2"}],"replies":[{"embeddable":true,"href":"https:\/\/laurorecreative.fr\/index.php\/wp-json\/wp\/v2\/comments?post=1471"}],"version-history":[{"count":32,"href":"https:\/\/laurorecreative.fr\/index.php\/wp-json\/wp\/v2\/posts\/1471\/revisions"}],"predecessor-version":[{"id":1644,"href":"https:\/\/laurorecreative.fr\/index.php\/wp-json\/wp\/v2\/posts\/1471\/revisions\/1644"}],"wp:attachment":[{"href":"https:\/\/laurorecreative.fr\/index.php\/wp-json\/wp\/v2\/media?parent=1471"}],"wp:term":[{"taxonomy":"category","embeddable":true,"href":"https:\/\/laurorecreative.fr\/index.php\/wp-json\/wp\/v2\/categories?post=1471"},{"taxonomy":"post_tag","embeddable":true,"href":"https:\/\/laurorecreative.fr\/index.php\/wp-json\/wp\/v2\/tags?post=1471"}],"curies":[{"name":"wp","href":"https:\/\/api.w.org\/{rel}","templated":true}]}}