{"id":1442,"date":"2025-11-26T10:41:00","date_gmt":"2025-11-26T09:41:00","guid":{"rendered":"https:\/\/laurorecreative.fr\/?p=1442"},"modified":"2025-10-13T11:04:14","modified_gmt":"2025-10-13T09:04:14","slug":"affiche-evenement-clermont-ferrand","status":"publish","type":"post","link":"https:\/\/laurorecreative.fr\/index.php\/2025\/11\/26\/affiche-evenement-clermont-ferrand\/","title":{"rendered":"Affiche \u00e9v\u00e9nement Clermont-Ferrand : captez l\u2019attention en un clin d\u2019\u0153il"},"content":{"rendered":"\t\t<div data-elementor-type=\"wp-post\" data-elementor-id=\"1442\" class=\"elementor elementor-1442\">\n\t\t\t\t<div class=\"elementor-element elementor-element-3fe6e66 e-flex e-con-boxed wpr-particle-no wpr-jarallax-no wpr-parallax-no wpr-sticky-section-no wpr-equal-height-no e-con e-parent\" data-id=\"3fe6e66\" data-element_type=\"container\" data-e-type=\"container\">\n\t\t\t\t\t<div class=\"e-con-inner\">\n\t\t\t\t<div class=\"elementor-element elementor-element-7afaa99 elementor-widget elementor-widget-spacer\" data-id=\"7afaa99\" data-element_type=\"widget\" data-e-type=\"widget\" data-widget_type=\"spacer.default\">\n\t\t\t\t<div class=\"elementor-widget-container\">\n\t\t\t\t\t\t\t<div class=\"elementor-spacer\">\n\t\t\t<div class=\"elementor-spacer-inner\"><\/div>\n\t\t<\/div>\n\t\t\t\t\t\t<\/div>\n\t\t\t\t<\/div>\n\t\t\t\t\t<\/div>\n\t\t\t\t<\/div>\n\t\t<div class=\"elementor-element elementor-element-1c509b9 e-flex e-con-boxed wpr-particle-no wpr-jarallax-no wpr-parallax-no wpr-sticky-section-no wpr-equal-height-no e-con e-parent\" data-id=\"1c509b9\" data-element_type=\"container\" data-e-type=\"container\">\n\t\t\t\t\t<div class=\"e-con-inner\">\n\t\t\t\t<div class=\"elementor-element elementor-element-e06430b elementor-widget elementor-widget-text-editor\" data-id=\"e06430b\" data-element_type=\"widget\" data-e-type=\"widget\" data-widget_type=\"text-editor.default\">\n\t\t\t\t<div class=\"elementor-widget-container\">\n\t\t\t\t\t\t\t\t\t<h1><strong><span class=\"notion-enable-hover\" data-token-index=\"0\">Affiche \u00e9v\u00e9nement Clermont-Ferrand :<br \/><\/span><\/strong> <span class=\"notion-enable-hover\" data-token-index=\"0\">captez l\u2019attention en un clin d\u2019\u0153il<\/span><!-- notionvc: 2642a853-5aa7-4d30-8d94-107c3478cf7a --><\/h1>\t\t\t\t\t\t\t\t<\/div>\n\t\t\t\t<\/div>\n\t\t\t\t\t<\/div>\n\t\t\t\t<\/div>\n\t\t<div class=\"elementor-element elementor-element-18edf99 e-flex e-con-boxed wpr-particle-no wpr-jarallax-no wpr-parallax-no wpr-sticky-section-no wpr-equal-height-no e-con e-parent\" data-id=\"18edf99\" data-element_type=\"container\" data-e-type=\"container\">\n\t\t\t\t\t<div class=\"e-con-inner\">\n\t\t<div class=\"elementor-element elementor-element-b58945b e-con-full e-flex wpr-particle-no wpr-jarallax-no wpr-parallax-no wpr-sticky-section-no wpr-equal-height-no e-con e-child\" data-id=\"b58945b\" data-element_type=\"container\" data-e-type=\"container\">\n\t\t\t\t<div class=\"elementor-element elementor-element-648425f elementor-widget elementor-widget-image\" data-id=\"648425f\" data-element_type=\"widget\" data-e-type=\"widget\" data-widget_type=\"image.default\">\n\t\t\t\t<div class=\"elementor-widget-container\">\n\t\t\t\t\t\t\t\t\t\t\t\t\t\t\t<img fetchpriority=\"high\" decoding=\"async\" width=\"1536\" height=\"1152\" src=\"https:\/\/laurorecreative.fr\/wp-content\/uploads\/2025\/09\/Poster_Mockup_2-1536x1152.jpg\" class=\"attachment-1536x1536 size-1536x1536 wp-image-1444\" alt=\"\" srcset=\"https:\/\/laurorecreative.fr\/wp-content\/uploads\/2025\/09\/Poster_Mockup_2-1536x1152.jpg 1536w, https:\/\/laurorecreative.fr\/wp-content\/uploads\/2025\/09\/Poster_Mockup_2-300x225.jpg 300w, https:\/\/laurorecreative.fr\/wp-content\/uploads\/2025\/09\/Poster_Mockup_2-1024x768.jpg 1024w, https:\/\/laurorecreative.fr\/wp-content\/uploads\/2025\/09\/Poster_Mockup_2-768x576.jpg 768w, https:\/\/laurorecreative.fr\/wp-content\/uploads\/2025\/09\/Poster_Mockup_2-2048x1536.jpg 2048w, https:\/\/laurorecreative.fr\/wp-content\/uploads\/2025\/09\/Poster_Mockup_2-600x450.jpg 600w\" sizes=\"(max-width: 1536px) 100vw, 1536px\" \/>\t\t\t\t\t\t\t\t\t\t\t\t\t\t\t<\/div>\n\t\t\t\t<\/div>\n\t\t\t\t<\/div>\n\t\t<div class=\"elementor-element elementor-element-a1c1b45 e-con-full e-flex wpr-particle-no wpr-jarallax-no wpr-parallax-no wpr-sticky-section-no wpr-equal-height-no e-con e-child\" data-id=\"a1c1b45\" data-element_type=\"container\" data-e-type=\"container\">\n\t\t\t\t<div class=\"elementor-element elementor-element-e422004 elementor-widget__width-initial elementor-widget elementor-widget-text-editor\" data-id=\"e422004\" data-element_type=\"widget\" data-e-type=\"widget\" data-widget_type=\"text-editor.default\">\n\t\t\t\t<div class=\"elementor-widget-container\">\n\t\t\t\t\t\t\t\t\t<h2><b>\ud83c\udfaf UNE AFFICHE D&rsquo;UN \u00c9V\u00c9NEMENT \u00c0 CLERMONT-FERRAND, C&rsquo;EST VOTRE PREMIER CONTACT AVEC LE PUBLIC<\/b><\/h2><p><b>Cr\u00e9er une affiche \u00e9v\u00e9nement \u00e0 Clermont-Ferrand<\/b>, c\u2019est tout un art. Que vous soyez une entreprise, une association, une collectivit\u00e9 ou un commerce, l\u2019objectif est le m\u00eame :\u00a0<b>attirer le regard et susciter l\u2019envie de participer<\/b>. Dans cet article, on vous montre comment une\u00a0<b>affiche bien con\u00e7ue<\/b>\u00a0peut faire toute la diff\u00e9rence pour la r\u00e9ussite de votre communication \u00e9v\u00e9nementielle.<\/p>\t\t\t\t\t\t\t\t<\/div>\n\t\t\t\t<\/div>\n\t\t\t\t<\/div>\n\t\t\t\t\t<\/div>\n\t\t\t\t<\/div>\n\t\t<div class=\"elementor-element elementor-element-6490628 e-flex e-con-boxed wpr-particle-no wpr-jarallax-no wpr-parallax-no wpr-sticky-section-no wpr-equal-height-no e-con e-parent\" data-id=\"6490628\" data-element_type=\"container\" data-e-type=\"container\">\n\t\t\t\t\t<div class=\"e-con-inner\">\n\t\t\t\t<div class=\"elementor-element elementor-element-31696de elementor-widget elementor-widget-spacer\" data-id=\"31696de\" data-element_type=\"widget\" data-e-type=\"widget\" data-widget_type=\"spacer.default\">\n\t\t\t\t<div class=\"elementor-widget-container\">\n\t\t\t\t\t\t\t<div class=\"elementor-spacer\">\n\t\t\t<div class=\"elementor-spacer-inner\"><\/div>\n\t\t<\/div>\n\t\t\t\t\t\t<\/div>\n\t\t\t\t<\/div>\n\t\t\t\t<div class=\"elementor-element elementor-element-4679528 elementor-widget__width-initial elementor-widget elementor-widget-text-editor\" data-id=\"4679528\" data-element_type=\"widget\" data-e-type=\"widget\" data-widget_type=\"text-editor.default\">\n\t\t\t\t<div class=\"elementor-widget-container\">\n\t\t\t\t\t\t\t\t\t<h2><strong style=\"font-family: inherit; font-size: 1.75rem;\">POURQUOI VOTRE AFFICHE \u00c9V\u00c9NEMENT \u00c0 CLERMONT-FERRAND DOIT MARQUER LES ESPRITS ?<\/strong><\/h2><div><strong>\u00a0<\/strong><\/div><h4>\u2714 Une affiche, c\u2019est votre teaser visuel<\/h4><p>Avant m\u00eame de lire les d\u00e9tails, le public se fait une id\u00e9e\u2026 en une seconde. Si votre <strong>affiche \u00e9v\u00e9nement \u00e0 Clermont-Ferrand<\/strong> est fade ou surcharg\u00e9e, elle passera inaper\u00e7ue. \u00c0 l\u2019inverse, un <strong>design d\u2019affiche professionnel<\/strong>, clair et dynamique, capte l\u2019attention d\u00e8s le premier regard.<\/p><p><img decoding=\"async\" class=\"wp-image-1447 alignright\" src=\"http:\/\/laurorecreative.fr\/wp-content\/uploads\/2025\/09\/icon-palette.png\" alt=\"\" width=\"230\" height=\"230\" srcset=\"https:\/\/laurorecreative.fr\/wp-content\/uploads\/2025\/09\/icon-palette.png 300w, https:\/\/laurorecreative.fr\/wp-content\/uploads\/2025\/09\/icon-palette-150x150.png 150w, https:\/\/laurorecreative.fr\/wp-content\/uploads\/2025\/09\/icon-palette-100x100.png 100w\" sizes=\"(max-width: 230px) 100vw, 230px\" \/><\/p><p>Une bonne affiche, c\u2019est :<\/p><ul><li>Un <strong>titre visible<\/strong> (sans loupe !)<\/li><li>Des <strong>visuels accrocheurs<\/strong>, bien compos\u00e9s<\/li><li>Une <strong>hi\u00e9rarchisation claire de l\u2019information<\/strong> (date, lieu, th\u00e8me)<\/li><li>Une <strong>identit\u00e9 visuelle coh\u00e9rente<\/strong> avec votre \u00e9v\u00e9nement<\/li><\/ul><div>\u00a0<\/div><p>Et le tout, bien s\u00fbr, adapt\u00e9 \u00e0 votre <strong>public clermontois<\/strong> ! \ud83d\ude09<\/p><p><!-- notionvc: fbedcf0c-90b9-493f-ab3b-6e9dd20671df --><\/p><p>\u00a0<\/p><p><!-- notionvc: b6fef66e-3b89-4d37-b7cc-f11877261df5 --><\/p><p><!-- notionvc: 2de1fdc1-b66e-49ba-acb3-a9b91c8ffe70 --><\/p>\t\t\t\t\t\t\t\t<\/div>\n\t\t\t\t<\/div>\n\t\t\t\t<div class=\"elementor-element elementor-element-e7713ed elementor-widget elementor-widget-text-editor\" data-id=\"e7713ed\" data-element_type=\"widget\" data-e-type=\"widget\" data-widget_type=\"text-editor.default\">\n\t\t\t\t<div class=\"elementor-widget-container\">\n\t\t\t\t\t\t\t\t\t<h2><span style=\"font-family: inherit; font-size: 2rem;\">\ud83d\udd8c LES CL\u00c9S D&rsquo;UN DESIGN D&rsquo;AFFICHE \u00c9V\u00c9NEMENT R\u00c9USSI<\/span><\/h2>\n<h4>\ud83c\udfa8 Couleurs, typographie, composition : tout compte<\/h4>\n<p>Cr\u00e9er une affiche \u00e9v\u00e9nementielle ne se r\u00e9sume pas \u00e0 coller un logo sur un fond color\u00e9. Chaque choix graphique (couleurs, polices, mise en page) influence la mani\u00e8re dont votre message est per\u00e7u. Chez L\u2019Aurore Cr\u00e9ative, notre studio graphique \u00e0 Clermont-Ferrand, on con\u00e7oit des affiches sur-mesure, pens\u00e9es pour votre cible et vos canaux de diffusion.<\/p>\n<p>\ud83c\udfad Une <strong>affiche culturelle<\/strong> n\u2019a pas le m\u00eame ton qu\u2019une <strong>affiche associative<\/strong>, ni les m\u00eames codes qu\u2019une <strong>affiche pour une soir\u00e9e d\u2019entreprise<\/strong>. On adapte, on personnalise, on soigne chaque d\u00e9tail.<\/p>\n<p><!-- notionvc: fbedcf0c-90b9-493f-ab3b-6e9dd20671df --><\/p>\n<p>\u00a0<\/p>\n<p><!-- notionvc: b6fef66e-3b89-4d37-b7cc-f11877261df5 --><\/p>\n<p><!-- notionvc: 2de1fdc1-b66e-49ba-acb3-a9b91c8ffe70 --><\/p>\t\t\t\t\t\t\t\t<\/div>\n\t\t\t\t<\/div>\n\t\t\t\t<div class=\"elementor-element elementor-element-f652449 elementor-widget elementor-widget-text-editor\" data-id=\"f652449\" data-element_type=\"widget\" data-e-type=\"widget\" data-widget_type=\"text-editor.default\">\n\t\t\t\t<div class=\"elementor-widget-container\">\n\t\t\t\t\t\t\t\t\t<h2><span style=\"font-family: inherit; font-size: 2rem;\">\u00a0<\/span><span style=\"font-family: inherit; font-size: 1.75rem; font-weight: bolder;\">\ud83d\udccd Clermont-Ferrand : une ville d\u2019\u00e9v\u00e9nements et d\u2019opportunit\u00e9s visuelles<\/span><\/h2>\n<p>\u00c0 Clermont-Ferrand, les\u00a0<span style=\"font-weight: bolder;\">\u00e9v\u00e9nements culturels, associatifs ou professionnels<\/span>\u00a0ne manquent pas : festivals, march\u00e9s, concerts, salons, expositions, conf\u00e9rences\u2026 L\u2019affichage fait toujours partie du plan de communication. Encore faut-il se d\u00e9marquer visuellement !<\/p>\n<p>\u00a0<\/p>\n<p>Nos\u00a0<span style=\"font-weight: bolder;\">graphistes professionnels<\/span>, bas\u00e9s \u00e0 Clermont, savent comment capter l\u2019attention dans un environnement urbain ou digital charg\u00e9. Et comme on conna\u00eet bien les lieux de diffusion (caf\u00e9s, campus, panneaux, vitrines\u2026), on adapte vos affiches \u00e0 chaque contexte<\/p>\n<p><!-- notionvc: fbedcf0c-90b9-493f-ab3b-6e9dd20671df --><\/p>\n<p><!-- notionvc: b6fef66e-3b89-4d37-b7cc-f11877261df5 --><\/p>\n<p><!-- notionvc: 2de1fdc1-b66e-49ba-acb3-a9b91c8ffe70 --><\/p>\t\t\t\t\t\t\t\t<\/div>\n\t\t\t\t<\/div>\n\t\t<div class=\"elementor-element elementor-element-1268995 e-con-full e-flex wpr-particle-no wpr-jarallax-no wpr-parallax-no wpr-sticky-section-no wpr-equal-height-no e-con e-child\" data-id=\"1268995\" data-element_type=\"container\" data-e-type=\"container\">\n\t\t<div class=\"elementor-element elementor-element-26f2784 e-con-full e-flex wpr-particle-no wpr-jarallax-no wpr-parallax-no wpr-sticky-section-no wpr-equal-height-no e-con e-child\" data-id=\"26f2784\" data-element_type=\"container\" data-e-type=\"container\">\n\t\t\t\t<div class=\"elementor-element elementor-element-0a3a447 elementor-widget elementor-widget-image\" data-id=\"0a3a447\" data-element_type=\"widget\" data-e-type=\"widget\" data-widget_type=\"image.default\">\n\t\t\t\t<div class=\"elementor-widget-container\">\n\t\t\t\t\t\t\t\t\t\t\t\t\t\t\t<img decoding=\"async\" width=\"1086\" height=\"1536\" src=\"https:\/\/laurorecreative.fr\/wp-content\/uploads\/2025\/09\/Affiche-Fete-Moissat-10juin2023_WEB-1086x1536.jpg\" class=\"attachment-1536x1536 size-1536x1536 wp-image-1445\" alt=\"\" srcset=\"https:\/\/laurorecreative.fr\/wp-content\/uploads\/2025\/09\/Affiche-Fete-Moissat-10juin2023_WEB-1086x1536.jpg 1086w, https:\/\/laurorecreative.fr\/wp-content\/uploads\/2025\/09\/Affiche-Fete-Moissat-10juin2023_WEB-212x300.jpg 212w, https:\/\/laurorecreative.fr\/wp-content\/uploads\/2025\/09\/Affiche-Fete-Moissat-10juin2023_WEB-724x1024.jpg 724w, https:\/\/laurorecreative.fr\/wp-content\/uploads\/2025\/09\/Affiche-Fete-Moissat-10juin2023_WEB-768x1086.jpg 768w, https:\/\/laurorecreative.fr\/wp-content\/uploads\/2025\/09\/Affiche-Fete-Moissat-10juin2023_WEB-1448x2048.jpg 1448w, https:\/\/laurorecreative.fr\/wp-content\/uploads\/2025\/09\/Affiche-Fete-Moissat-10juin2023_WEB-600x849.jpg 600w, https:\/\/laurorecreative.fr\/wp-content\/uploads\/2025\/09\/Affiche-Fete-Moissat-10juin2023_WEB-scaled.jpg 1810w\" sizes=\"(max-width: 1086px) 100vw, 1086px\" \/>\t\t\t\t\t\t\t\t\t\t\t\t\t\t\t<\/div>\n\t\t\t\t<\/div>\n\t\t\t\t<\/div>\n\t\t<div class=\"elementor-element elementor-element-4e9178c e-con-full e-flex wpr-particle-no wpr-jarallax-no wpr-parallax-no wpr-sticky-section-no wpr-equal-height-no e-con e-child\" data-id=\"4e9178c\" data-element_type=\"container\" data-e-type=\"container\">\n\t\t\t\t<div class=\"elementor-element elementor-element-97df63a elementor-widget elementor-widget-text-editor\" data-id=\"97df63a\" data-element_type=\"widget\" data-e-type=\"widget\" data-widget_type=\"text-editor.default\">\n\t\t\t\t<div class=\"elementor-widget-container\">\n\t\t\t\t\t\t\t\t\t<h2 style=\"font-family: Poppins, sans-serif; color: #f1ac5a;\"><span style=\"font-family: inherit; font-size: 2rem;\">\ud83d\udcd0 Affiche print ou num\u00e9rique :\u00a0<\/span><\/h2>\n<h2 style=\"font-family: Poppins, sans-serif; color: #f1ac5a;\"><span style=\"font-family: inherit; font-size: 2rem;\">choisissez les bons formats<\/span><\/h2>\n<p style=\"color: #18434f; font-size: 15px;\">Aujourd\u2019hui, une\u00a0<span style=\"font-weight: bolder;\">affiche \u00e9v\u00e9nement \u00e0 Clermont-Ferrand<\/span>\u00a0vit sur plusieurs supports. En version imprim\u00e9e pour les panneaux ou vitrines, en version num\u00e9rique pour les r\u00e9seaux sociaux ou newsletters.<\/p>\n<p style=\"color: #18434f; font-size: 15px;\">L\u2019Aurore Cr\u00e9ative propose une\u00a0<span style=\"font-weight: bolder;\">d\u00e9clinaison multi-supports<\/span>\u00a0de vos affiches :<\/p>\n<ul style=\"font-size: 15px; background-color: #faf3e8; color: #18434f;\">\n<li style=\"font-size: 15px;\">Format A2, A3, A4 pour l\u2019impression<\/li>\n<li style=\"font-size: 15px;\">Format story ou carr\u00e9 pour les r\u00e9seaux sociaux<\/li>\n<li style=\"font-size: 15px;\">Visuel d\u2019\u00e9cran pour diffusion sur site ou en \u00e9v\u00e9nement<\/li>\n<li style=\"font-size: 15px;\">PDF haute r\u00e9solution pour l\u2019envoi num\u00e9rique<\/li>\n<\/ul>\n<p style=\"color: #18434f; font-size: 15px;\">\ud83c\udfaf Objectif : garder\u00a0<span style=\"font-weight: bolder;\">une coh\u00e9rence graphique<\/span>\u00a0tout en s\u2019adaptant aux contraintes de chaque canal.<\/p>\t\t\t\t\t\t\t\t<\/div>\n\t\t\t\t<\/div>\n\t\t\t\t<\/div>\n\t\t\t\t<\/div>\n\t\t\t\t\t<\/div>\n\t\t\t\t<\/div>\n\t\t<div class=\"elementor-element elementor-element-2da7613 e-flex e-con-boxed wpr-particle-no wpr-jarallax-no wpr-parallax-no wpr-sticky-section-no wpr-equal-height-no e-con e-parent\" data-id=\"2da7613\" data-element_type=\"container\" data-e-type=\"container\" data-settings=\"{&quot;background_background&quot;:&quot;classic&quot;}\">\n\t\t\t\t\t<div class=\"e-con-inner\">\n\t\t\t\t<div class=\"elementor-element elementor-element-818a088 elementor-widget elementor-widget-text-editor\" data-id=\"818a088\" data-element_type=\"widget\" data-e-type=\"widget\" data-widget_type=\"text-editor.default\">\n\t\t\t\t<div class=\"elementor-widget-container\">\n\t\t\t\t\t\t\t\t\t<h2><span style=\"font-family: inherit; font-size: 2rem;\">\u00a0<\/span><span style=\"font-family: inherit; font-size: 2rem;\">\ud83d\udcf8 Astuce : pensez aux visuels compl\u00e9mentaires<\/span><\/h2>\n<p>Pour renforcer l\u2019impact de votre affiche, ajoutez des <strong>photos professionnelles<\/strong> de vos pr\u00e9c\u00e9dents \u00e9v\u00e9nements ou de votre \u00e9quipe. C\u2019est concret, humain et \u00e7a renforce la cr\u00e9dibilit\u00e9.<\/p>\n<p>\ud83d\udca1 Int\u00e9grez aussi une <strong>vid\u00e9o teaser<\/strong> ou un lien vers votre page \u00e9v\u00e9nement : on combine <strong>print et digital<\/strong>, et on maximise la port\u00e9e.<\/p>\n<p><!-- notionvc: fbedcf0c-90b9-493f-ab3b-6e9dd20671df --><\/p>\n<p><!-- notionvc: b6fef66e-3b89-4d37-b7cc-f11877261df5 --><\/p>\n<p><!-- notionvc: 2de1fdc1-b66e-49ba-acb3-a9b91c8ffe70 --><\/p>\t\t\t\t\t\t\t\t<\/div>\n\t\t\t\t<\/div>\n\t\t\t\t\t<\/div>\n\t\t\t\t<\/div>\n\t\t\t\t<\/div>\n\t\t","protected":false},"excerpt":{"rendered":"<p>Affiche \u00e9v\u00e9nement Clermont-Ferrand : captez l\u2019attention en un clin d\u2019\u0153il \ud83c\udfaf UNE AFFICHE D&rsquo;UN \u00c9V\u00c9NEMENT \u00c0 CLERMONT-FERRAND, C&rsquo;EST VOTRE PREMIER CONTACT AVEC LE PUBLIC Cr\u00e9er une affiche \u00e9v\u00e9nement \u00e0 Clermont-Ferrand, c\u2019est tout un art. Que vous soyez une entreprise, une association, une collectivit\u00e9 ou un commerce, l\u2019objectif est le m\u00eame :\u00a0attirer le regard et susciter l\u2019envie de participer. Dans cet article, on vous montre comment une\u00a0affiche bien con\u00e7ue\u00a0peut faire toute la diff\u00e9rence pour la r\u00e9ussite de votre communication \u00e9v\u00e9nementielle. POURQUOI VOTRE AFFICHE \u00c9V\u00c9NEMENT \u00c0 CLERMONT-FERRAND DOIT MARQUER LES ESPRITS ? \u00a0 \u2714 Une affiche, c\u2019est votre teaser visuel Avant m\u00eame de lire les d\u00e9tails, le public se fait une id\u00e9e\u2026 en une seconde. Si votre affiche \u00e9v\u00e9nement \u00e0 Clermont-Ferrand est fade ou surcharg\u00e9e, elle passera inaper\u00e7ue. \u00c0 l\u2019inverse, un design d\u2019affiche professionnel, clair et dynamique, capte l\u2019attention d\u00e8s le premier regard. Une bonne affiche, c\u2019est : Un titre visible (sans loupe !) Des visuels accrocheurs, bien compos\u00e9s Une hi\u00e9rarchisation claire de l\u2019information (date, lieu, th\u00e8me) Une identit\u00e9 visuelle coh\u00e9rente avec votre \u00e9v\u00e9nement \u00a0 Et le tout, bien s\u00fbr, adapt\u00e9 \u00e0 votre public clermontois ! \ud83d\ude09 \u00a0 \ud83d\udd8c LES CL\u00c9S D&rsquo;UN DESIGN D&rsquo;AFFICHE \u00c9V\u00c9NEMENT R\u00c9USSI \ud83c\udfa8 Couleurs, typographie, composition : tout compte Cr\u00e9er une affiche \u00e9v\u00e9nementielle ne se r\u00e9sume pas \u00e0 coller un logo sur un fond color\u00e9. Chaque choix graphique (couleurs, polices, mise en page) influence la mani\u00e8re dont votre message est per\u00e7u. Chez L\u2019Aurore Cr\u00e9ative, notre studio graphique \u00e0 Clermont-Ferrand, on con\u00e7oit des affiches sur-mesure, pens\u00e9es pour votre cible et vos canaux de diffusion. \ud83c\udfad Une affiche culturelle n\u2019a pas le m\u00eame ton qu\u2019une affiche associative, ni les m\u00eames codes qu\u2019une affiche pour une soir\u00e9e d\u2019entreprise. On adapte, on personnalise, on soigne chaque d\u00e9tail. \u00a0 \u00a0\ud83d\udccd Clermont-Ferrand : une ville d\u2019\u00e9v\u00e9nements et d\u2019opportunit\u00e9s visuelles \u00c0 Clermont-Ferrand, les\u00a0\u00e9v\u00e9nements culturels, associatifs ou professionnels\u00a0ne manquent pas : festivals, march\u00e9s, concerts, salons, expositions, conf\u00e9rences\u2026 L\u2019affichage fait toujours partie du plan de communication. Encore faut-il se d\u00e9marquer visuellement ! \u00a0 Nos\u00a0graphistes professionnels, bas\u00e9s \u00e0 Clermont, savent comment capter l\u2019attention dans un environnement urbain ou digital charg\u00e9. Et comme on conna\u00eet bien les lieux de diffusion (caf\u00e9s, campus, panneaux, vitrines\u2026), on adapte vos affiches \u00e0 chaque contexte \ud83d\udcd0 Affiche print ou num\u00e9rique :\u00a0 choisissez les bons formats Aujourd\u2019hui, une\u00a0affiche \u00e9v\u00e9nement \u00e0 Clermont-Ferrand\u00a0vit sur plusieurs supports. En version imprim\u00e9e pour les panneaux ou vitrines, en version num\u00e9rique pour les r\u00e9seaux sociaux ou newsletters. L\u2019Aurore Cr\u00e9ative propose une\u00a0d\u00e9clinaison multi-supports\u00a0de vos affiches : Format A2, A3, A4 pour l\u2019impression Format story ou carr\u00e9 pour les r\u00e9seaux sociaux Visuel d\u2019\u00e9cran pour diffusion sur site ou en \u00e9v\u00e9nement PDF haute r\u00e9solution pour l\u2019envoi num\u00e9rique \ud83c\udfaf Objectif : garder\u00a0une coh\u00e9rence graphique\u00a0tout en s\u2019adaptant aux contraintes de chaque canal. \u00a0\ud83d\udcf8 Astuce : pensez aux visuels compl\u00e9mentaires Pour renforcer l\u2019impact de votre affiche, ajoutez des photos professionnelles de vos pr\u00e9c\u00e9dents \u00e9v\u00e9nements ou de votre \u00e9quipe. C\u2019est concret, humain et \u00e7a renforce la cr\u00e9dibilit\u00e9. \ud83d\udca1 Int\u00e9grez aussi une vid\u00e9o teaser ou un lien vers votre page \u00e9v\u00e9nement : on combine print et digital, et on maximise la port\u00e9e.<\/p>\n","protected":false},"author":2,"featured_media":0,"comment_status":"closed","ping_status":"open","sticky":false,"template":"","format":"standard","meta":{"footnotes":""},"categories":[1],"tags":[39,36,30,40,29,32,33,38,35,37,31,34],"class_list":["post-1442","post","type-post","status-publish","format-standard","hentry","category-blog","tag-analyse-statistiques-social-media","tag-animation-communaute-reseaux-sociaux","tag-communication-digitale-clermont-ferrand","tag-conseils-reseaux-sociaux-entreprises","tag-contenu-reseaux-sociaux-clermont-ferrand","tag-creation-de-contenu-social-media","tag-erreurs-communication-reseaux-sociaux","tag-identite-visuelle-et-reseaux-sociaux","tag-marketing-digital-local","tag-planification-contenus-reseaux-sociaux","tag-strategie-reseaux-sociaux","tag-visibilite-en-ligne-clermont-ferrand"],"yoast_head":"<!-- This site is optimized with the Yoast SEO plugin v26.8 - https:\/\/yoast.com\/product\/yoast-seo-wordpress\/ -->\n<title>Une affiche \u00e9v\u00e9nement \u00e0 Clermont-Ferrand: conseils essentiels<\/title>\n<meta name=\"description\" content=\"D\u00e9couvrez comment cr\u00e9er une affiche \u00e9v\u00e9nement \u00e0 Clermont-Ferrand qui capte l\u2019attention en un clin d\u2019\u0153il avec un design efficace.\" \/>\n<meta name=\"robots\" content=\"index, follow, max-snippet:-1, max-image-preview:large, max-video-preview:-1\" \/>\n<link rel=\"canonical\" href=\"https:\/\/laurorecreative.fr\/index.php\/2025\/11\/26\/affiche-evenement-clermont-ferrand\/\" \/>\n<meta property=\"og:locale\" content=\"fr_FR\" \/>\n<meta property=\"og:type\" content=\"article\" \/>\n<meta property=\"og:title\" content=\"Une affiche \u00e9v\u00e9nement \u00e0 Clermont-Ferrand: conseils essentiels\" \/>\n<meta property=\"og:description\" content=\"D\u00e9couvrez comment cr\u00e9er une affiche \u00e9v\u00e9nement \u00e0 Clermont-Ferrand qui capte l\u2019attention en un clin d\u2019\u0153il avec un design efficace.\" \/>\n<meta property=\"og:url\" content=\"https:\/\/laurorecreative.fr\/index.php\/2025\/11\/26\/affiche-evenement-clermont-ferrand\/\" \/>\n<meta property=\"og:site_name\" content=\"laurorecreative.fr\" \/>\n<meta property=\"article:published_time\" content=\"2025-11-26T09:41:00+00:00\" \/>\n<meta property=\"og:image\" content=\"http:\/\/laurorecreative.fr\/wp-content\/uploads\/2025\/09\/Poster_Mockup_2-1536x1152.jpg\" \/>\n<meta name=\"author\" content=\"Laure Abonnel\" \/>\n<meta name=\"twitter:card\" content=\"summary_large_image\" \/>\n<meta name=\"twitter:label1\" content=\"\u00c9crit par\" \/>\n\t<meta name=\"twitter:data1\" content=\"Laure Abonnel\" \/>\n\t<meta name=\"twitter:label2\" content=\"Dur\u00e9e de lecture estim\u00e9e\" \/>\n\t<meta name=\"twitter:data2\" content=\"4 minutes\" \/>\n<script type=\"application\/ld+json\" class=\"yoast-schema-graph\">{\"@context\":\"https:\/\/schema.org\",\"@graph\":[{\"@type\":\"Article\",\"@id\":\"https:\/\/laurorecreative.fr\/index.php\/2025\/11\/26\/affiche-evenement-clermont-ferrand\/#article\",\"isPartOf\":{\"@id\":\"https:\/\/laurorecreative.fr\/index.php\/2025\/11\/26\/affiche-evenement-clermont-ferrand\/\"},\"author\":{\"name\":\"Laure Abonnel\",\"@id\":\"https:\/\/laurorecreative.fr\/#\/schema\/person\/1af2cc1fa27d40a22610dfb5b200c753\"},\"headline\":\"Affiche \u00e9v\u00e9nement Clermont-Ferrand : captez l\u2019attention en un clin d\u2019\u0153il\",\"datePublished\":\"2025-11-26T09:41:00+00:00\",\"mainEntityOfPage\":{\"@id\":\"https:\/\/laurorecreative.fr\/index.php\/2025\/11\/26\/affiche-evenement-clermont-ferrand\/\"},\"wordCount\":585,\"publisher\":{\"@id\":\"https:\/\/laurorecreative.fr\/#organization\"},\"image\":{\"@id\":\"https:\/\/laurorecreative.fr\/index.php\/2025\/11\/26\/affiche-evenement-clermont-ferrand\/#primaryimage\"},\"thumbnailUrl\":\"http:\/\/laurorecreative.fr\/wp-content\/uploads\/2025\/09\/Poster_Mockup_2-1536x1152.jpg\",\"keywords\":[\"analyse statistiques social media\",\"animation communaut\u00e9 r\u00e9seaux sociaux\",\"communication digitale Clermont-Ferrand\",\"conseils r\u00e9seaux sociaux entreprises\",\"contenu r\u00e9seaux sociaux Clermont-Ferrand\",\"cr\u00e9ation de contenu social media\",\"erreurs communication r\u00e9seaux sociaux\",\"identit\u00e9 visuelle et r\u00e9seaux sociaux\",\"marketing digital local\",\"planification contenus r\u00e9seaux sociaux\",\"strat\u00e9gie r\u00e9seaux sociaux\",\"visibilit\u00e9 en ligne Clermont-Ferrand\"],\"articleSection\":[\"Blog\"],\"inLanguage\":\"fr-FR\"},{\"@type\":\"WebPage\",\"@id\":\"https:\/\/laurorecreative.fr\/index.php\/2025\/11\/26\/affiche-evenement-clermont-ferrand\/\",\"url\":\"https:\/\/laurorecreative.fr\/index.php\/2025\/11\/26\/affiche-evenement-clermont-ferrand\/\",\"name\":\"Une affiche \u00e9v\u00e9nement \u00e0 Clermont-Ferrand: conseils essentiels\",\"isPartOf\":{\"@id\":\"https:\/\/laurorecreative.fr\/#website\"},\"primaryImageOfPage\":{\"@id\":\"https:\/\/laurorecreative.fr\/index.php\/2025\/11\/26\/affiche-evenement-clermont-ferrand\/#primaryimage\"},\"image\":{\"@id\":\"https:\/\/laurorecreative.fr\/index.php\/2025\/11\/26\/affiche-evenement-clermont-ferrand\/#primaryimage\"},\"thumbnailUrl\":\"http:\/\/laurorecreative.fr\/wp-content\/uploads\/2025\/09\/Poster_Mockup_2-1536x1152.jpg\",\"datePublished\":\"2025-11-26T09:41:00+00:00\",\"description\":\"D\u00e9couvrez comment cr\u00e9er une affiche \u00e9v\u00e9nement \u00e0 Clermont-Ferrand qui capte l\u2019attention en un clin d\u2019\u0153il avec un design efficace.\",\"breadcrumb\":{\"@id\":\"https:\/\/laurorecreative.fr\/index.php\/2025\/11\/26\/affiche-evenement-clermont-ferrand\/#breadcrumb\"},\"inLanguage\":\"fr-FR\",\"potentialAction\":[{\"@type\":\"ReadAction\",\"target\":[\"https:\/\/laurorecreative.fr\/index.php\/2025\/11\/26\/affiche-evenement-clermont-ferrand\/\"]}]},{\"@type\":\"ImageObject\",\"inLanguage\":\"fr-FR\",\"@id\":\"https:\/\/laurorecreative.fr\/index.php\/2025\/11\/26\/affiche-evenement-clermont-ferrand\/#primaryimage\",\"url\":\"https:\/\/laurorecreative.fr\/wp-content\/uploads\/2025\/09\/Poster_Mockup_2-scaled.jpg\",\"contentUrl\":\"https:\/\/laurorecreative.fr\/wp-content\/uploads\/2025\/09\/Poster_Mockup_2-scaled.jpg\",\"width\":2560,\"height\":1920},{\"@type\":\"BreadcrumbList\",\"@id\":\"https:\/\/laurorecreative.fr\/index.php\/2025\/11\/26\/affiche-evenement-clermont-ferrand\/#breadcrumb\",\"itemListElement\":[{\"@type\":\"ListItem\",\"position\":1,\"name\":\"Accueil\",\"item\":\"https:\/\/laurorecreative.fr\/\"},{\"@type\":\"ListItem\",\"position\":2,\"name\":\"Affiche \u00e9v\u00e9nement Clermont-Ferrand : captez l\u2019attention en un clin d\u2019\u0153il\"}]},{\"@type\":\"WebSite\",\"@id\":\"https:\/\/laurorecreative.fr\/#website\",\"url\":\"https:\/\/laurorecreative.fr\/\",\"name\":\"laurorecreative.fr\",\"description\":\"\",\"publisher\":{\"@id\":\"https:\/\/laurorecreative.fr\/#organization\"},\"potentialAction\":[{\"@type\":\"SearchAction\",\"target\":{\"@type\":\"EntryPoint\",\"urlTemplate\":\"https:\/\/laurorecreative.fr\/?s={search_term_string}\"},\"query-input\":{\"@type\":\"PropertyValueSpecification\",\"valueRequired\":true,\"valueName\":\"search_term_string\"}}],\"inLanguage\":\"fr-FR\"},{\"@type\":\"Organization\",\"@id\":\"https:\/\/laurorecreative.fr\/#organization\",\"name\":\"laurorecreative.fr\",\"url\":\"https:\/\/laurorecreative.fr\/\",\"logo\":{\"@type\":\"ImageObject\",\"inLanguage\":\"fr-FR\",\"@id\":\"https:\/\/laurorecreative.fr\/#\/schema\/logo\/image\/\",\"url\":\"https:\/\/laurorecreative.fr\/wp-content\/uploads\/2024\/06\/Aurore-Creative_Logo-copie.png\",\"contentUrl\":\"https:\/\/laurorecreative.fr\/wp-content\/uploads\/2024\/06\/Aurore-Creative_Logo-copie.png\",\"width\":300,\"height\":92,\"caption\":\"laurorecreative.fr\"},\"image\":{\"@id\":\"https:\/\/laurorecreative.fr\/#\/schema\/logo\/image\/\"}},{\"@type\":\"Person\",\"@id\":\"https:\/\/laurorecreative.fr\/#\/schema\/person\/1af2cc1fa27d40a22610dfb5b200c753\",\"name\":\"Laure Abonnel\",\"image\":{\"@type\":\"ImageObject\",\"inLanguage\":\"fr-FR\",\"@id\":\"https:\/\/laurorecreative.fr\/#\/schema\/person\/image\/\",\"url\":\"https:\/\/secure.gravatar.com\/avatar\/d6bc81e5e33c038934e2a3ef19b77eab?s=96&d=mm&r=g\",\"contentUrl\":\"https:\/\/secure.gravatar.com\/avatar\/d6bc81e5e33c038934e2a3ef19b77eab?s=96&d=mm&r=g\",\"caption\":\"Laure Abonnel\"},\"url\":\"https:\/\/laurorecreative.fr\/index.php\/author\/laure-abonnel\/\"}]}<\/script>\n<!-- \/ Yoast SEO plugin. -->","yoast_head_json":{"title":"Une affiche \u00e9v\u00e9nement \u00e0 Clermont-Ferrand: conseils essentiels","description":"D\u00e9couvrez comment cr\u00e9er une affiche \u00e9v\u00e9nement \u00e0 Clermont-Ferrand qui capte l\u2019attention en un clin d\u2019\u0153il avec un design efficace.","robots":{"index":"index","follow":"follow","max-snippet":"max-snippet:-1","max-image-preview":"max-image-preview:large","max-video-preview":"max-video-preview:-1"},"canonical":"https:\/\/laurorecreative.fr\/index.php\/2025\/11\/26\/affiche-evenement-clermont-ferrand\/","og_locale":"fr_FR","og_type":"article","og_title":"Une affiche \u00e9v\u00e9nement \u00e0 Clermont-Ferrand: conseils essentiels","og_description":"D\u00e9couvrez comment cr\u00e9er une affiche \u00e9v\u00e9nement \u00e0 Clermont-Ferrand qui capte l\u2019attention en un clin d\u2019\u0153il avec un design efficace.","og_url":"https:\/\/laurorecreative.fr\/index.php\/2025\/11\/26\/affiche-evenement-clermont-ferrand\/","og_site_name":"laurorecreative.fr","article_published_time":"2025-11-26T09:41:00+00:00","og_image":[{"url":"http:\/\/laurorecreative.fr\/wp-content\/uploads\/2025\/09\/Poster_Mockup_2-1536x1152.jpg","type":"","width":"","height":""}],"author":"Laure Abonnel","twitter_card":"summary_large_image","twitter_misc":{"\u00c9crit par":"Laure Abonnel","Dur\u00e9e de lecture estim\u00e9e":"4 minutes"},"schema":{"@context":"https:\/\/schema.org","@graph":[{"@type":"Article","@id":"https:\/\/laurorecreative.fr\/index.php\/2025\/11\/26\/affiche-evenement-clermont-ferrand\/#article","isPartOf":{"@id":"https:\/\/laurorecreative.fr\/index.php\/2025\/11\/26\/affiche-evenement-clermont-ferrand\/"},"author":{"name":"Laure Abonnel","@id":"https:\/\/laurorecreative.fr\/#\/schema\/person\/1af2cc1fa27d40a22610dfb5b200c753"},"headline":"Affiche \u00e9v\u00e9nement Clermont-Ferrand : captez l\u2019attention en un clin d\u2019\u0153il","datePublished":"2025-11-26T09:41:00+00:00","mainEntityOfPage":{"@id":"https:\/\/laurorecreative.fr\/index.php\/2025\/11\/26\/affiche-evenement-clermont-ferrand\/"},"wordCount":585,"publisher":{"@id":"https:\/\/laurorecreative.fr\/#organization"},"image":{"@id":"https:\/\/laurorecreative.fr\/index.php\/2025\/11\/26\/affiche-evenement-clermont-ferrand\/#primaryimage"},"thumbnailUrl":"http:\/\/laurorecreative.fr\/wp-content\/uploads\/2025\/09\/Poster_Mockup_2-1536x1152.jpg","keywords":["analyse statistiques social media","animation communaut\u00e9 r\u00e9seaux sociaux","communication digitale Clermont-Ferrand","conseils r\u00e9seaux sociaux entreprises","contenu r\u00e9seaux sociaux Clermont-Ferrand","cr\u00e9ation de contenu social media","erreurs communication r\u00e9seaux sociaux","identit\u00e9 visuelle et r\u00e9seaux sociaux","marketing digital local","planification contenus r\u00e9seaux sociaux","strat\u00e9gie r\u00e9seaux sociaux","visibilit\u00e9 en ligne Clermont-Ferrand"],"articleSection":["Blog"],"inLanguage":"fr-FR"},{"@type":"WebPage","@id":"https:\/\/laurorecreative.fr\/index.php\/2025\/11\/26\/affiche-evenement-clermont-ferrand\/","url":"https:\/\/laurorecreative.fr\/index.php\/2025\/11\/26\/affiche-evenement-clermont-ferrand\/","name":"Une affiche \u00e9v\u00e9nement \u00e0 Clermont-Ferrand: conseils essentiels","isPartOf":{"@id":"https:\/\/laurorecreative.fr\/#website"},"primaryImageOfPage":{"@id":"https:\/\/laurorecreative.fr\/index.php\/2025\/11\/26\/affiche-evenement-clermont-ferrand\/#primaryimage"},"image":{"@id":"https:\/\/laurorecreative.fr\/index.php\/2025\/11\/26\/affiche-evenement-clermont-ferrand\/#primaryimage"},"thumbnailUrl":"http:\/\/laurorecreative.fr\/wp-content\/uploads\/2025\/09\/Poster_Mockup_2-1536x1152.jpg","datePublished":"2025-11-26T09:41:00+00:00","description":"D\u00e9couvrez comment cr\u00e9er une affiche \u00e9v\u00e9nement \u00e0 Clermont-Ferrand qui capte l\u2019attention en un clin d\u2019\u0153il avec un design efficace.","breadcrumb":{"@id":"https:\/\/laurorecreative.fr\/index.php\/2025\/11\/26\/affiche-evenement-clermont-ferrand\/#breadcrumb"},"inLanguage":"fr-FR","potentialAction":[{"@type":"ReadAction","target":["https:\/\/laurorecreative.fr\/index.php\/2025\/11\/26\/affiche-evenement-clermont-ferrand\/"]}]},{"@type":"ImageObject","inLanguage":"fr-FR","@id":"https:\/\/laurorecreative.fr\/index.php\/2025\/11\/26\/affiche-evenement-clermont-ferrand\/#primaryimage","url":"https:\/\/laurorecreative.fr\/wp-content\/uploads\/2025\/09\/Poster_Mockup_2-scaled.jpg","contentUrl":"https:\/\/laurorecreative.fr\/wp-content\/uploads\/2025\/09\/Poster_Mockup_2-scaled.jpg","width":2560,"height":1920},{"@type":"BreadcrumbList","@id":"https:\/\/laurorecreative.fr\/index.php\/2025\/11\/26\/affiche-evenement-clermont-ferrand\/#breadcrumb","itemListElement":[{"@type":"ListItem","position":1,"name":"Accueil","item":"https:\/\/laurorecreative.fr\/"},{"@type":"ListItem","position":2,"name":"Affiche \u00e9v\u00e9nement Clermont-Ferrand : captez l\u2019attention en un clin d\u2019\u0153il"}]},{"@type":"WebSite","@id":"https:\/\/laurorecreative.fr\/#website","url":"https:\/\/laurorecreative.fr\/","name":"laurorecreative.fr","description":"","publisher":{"@id":"https:\/\/laurorecreative.fr\/#organization"},"potentialAction":[{"@type":"SearchAction","target":{"@type":"EntryPoint","urlTemplate":"https:\/\/laurorecreative.fr\/?s={search_term_string}"},"query-input":{"@type":"PropertyValueSpecification","valueRequired":true,"valueName":"search_term_string"}}],"inLanguage":"fr-FR"},{"@type":"Organization","@id":"https:\/\/laurorecreative.fr\/#organization","name":"laurorecreative.fr","url":"https:\/\/laurorecreative.fr\/","logo":{"@type":"ImageObject","inLanguage":"fr-FR","@id":"https:\/\/laurorecreative.fr\/#\/schema\/logo\/image\/","url":"https:\/\/laurorecreative.fr\/wp-content\/uploads\/2024\/06\/Aurore-Creative_Logo-copie.png","contentUrl":"https:\/\/laurorecreative.fr\/wp-content\/uploads\/2024\/06\/Aurore-Creative_Logo-copie.png","width":300,"height":92,"caption":"laurorecreative.fr"},"image":{"@id":"https:\/\/laurorecreative.fr\/#\/schema\/logo\/image\/"}},{"@type":"Person","@id":"https:\/\/laurorecreative.fr\/#\/schema\/person\/1af2cc1fa27d40a22610dfb5b200c753","name":"Laure Abonnel","image":{"@type":"ImageObject","inLanguage":"fr-FR","@id":"https:\/\/laurorecreative.fr\/#\/schema\/person\/image\/","url":"https:\/\/secure.gravatar.com\/avatar\/d6bc81e5e33c038934e2a3ef19b77eab?s=96&d=mm&r=g","contentUrl":"https:\/\/secure.gravatar.com\/avatar\/d6bc81e5e33c038934e2a3ef19b77eab?s=96&d=mm&r=g","caption":"Laure Abonnel"},"url":"https:\/\/laurorecreative.fr\/index.php\/author\/laure-abonnel\/"}]}},"_links":{"self":[{"href":"https:\/\/laurorecreative.fr\/index.php\/wp-json\/wp\/v2\/posts\/1442","targetHints":{"allow":["GET"]}}],"collection":[{"href":"https:\/\/laurorecreative.fr\/index.php\/wp-json\/wp\/v2\/posts"}],"about":[{"href":"https:\/\/laurorecreative.fr\/index.php\/wp-json\/wp\/v2\/types\/post"}],"author":[{"embeddable":true,"href":"https:\/\/laurorecreative.fr\/index.php\/wp-json\/wp\/v2\/users\/2"}],"replies":[{"embeddable":true,"href":"https:\/\/laurorecreative.fr\/index.php\/wp-json\/wp\/v2\/comments?post=1442"}],"version-history":[{"count":21,"href":"https:\/\/laurorecreative.fr\/index.php\/wp-json\/wp\/v2\/posts\/1442\/revisions"}],"predecessor-version":[{"id":1675,"href":"https:\/\/laurorecreative.fr\/index.php\/wp-json\/wp\/v2\/posts\/1442\/revisions\/1675"}],"wp:attachment":[{"href":"https:\/\/laurorecreative.fr\/index.php\/wp-json\/wp\/v2\/media?parent=1442"}],"wp:term":[{"taxonomy":"category","embeddable":true,"href":"https:\/\/laurorecreative.fr\/index.php\/wp-json\/wp\/v2\/categories?post=1442"},{"taxonomy":"post_tag","embeddable":true,"href":"https:\/\/laurorecreative.fr\/index.php\/wp-json\/wp\/v2\/tags?post=1442"}],"curies":[{"name":"wp","href":"https:\/\/api.w.org\/{rel}","templated":true}]}}