{"id":1430,"date":"2025-09-29T07:00:00","date_gmt":"2025-09-29T05:00:00","guid":{"rendered":"https:\/\/laurorecreative.fr\/?p=1430"},"modified":"2025-10-13T11:31:09","modified_gmt":"2025-10-13T09:31:09","slug":"identite-visuelle-clermont-ferrand","status":"publish","type":"post","link":"https:\/\/laurorecreative.fr\/index.php\/2025\/09\/29\/identite-visuelle-clermont-ferrand\/","title":{"rendered":"L\u2019importance d\u2019une bonne identit\u00e9 visuelle pour se faire (re)conna\u00eetre \u00e0 Clermont Ferrand"},"content":{"rendered":"\n<div style=\"height:71px\" aria-hidden=\"true\" class=\"wp-block-spacer\"><\/div>\n\n\n\n<div class=\"wp-block-columns is-layout-flex wp-container-core-columns-is-layout-1 wp-block-columns-is-layout-flex\">\n<div class=\"wp-block-column is-layout-flow wp-block-column-is-layout-flow\" style=\"flex-basis:33.33%\">\n<figure class=\"wp-block-image size-large\"><img fetchpriority=\"high\" decoding=\"async\" width=\"1024\" height=\"647\" src=\"http:\/\/laurorecreative.fr\/wp-content\/uploads\/2024\/05\/Aurore-Creative_Logo.team_-1024x647.png\" alt=\"agence communication clermont ferrand - moulins\" class=\"wp-image-448\" srcset=\"https:\/\/laurorecreative.fr\/wp-content\/uploads\/2024\/05\/Aurore-Creative_Logo.team_-1024x647.png 1024w, https:\/\/laurorecreative.fr\/wp-content\/uploads\/2024\/05\/Aurore-Creative_Logo.team_-600x379.png 600w, https:\/\/laurorecreative.fr\/wp-content\/uploads\/2024\/05\/Aurore-Creative_Logo.team_-300x190.png 300w, https:\/\/laurorecreative.fr\/wp-content\/uploads\/2024\/05\/Aurore-Creative_Logo.team_-768x485.png 768w, https:\/\/laurorecreative.fr\/wp-content\/uploads\/2024\/05\/Aurore-Creative_Logo.team_-1536x970.png 1536w, https:\/\/laurorecreative.fr\/wp-content\/uploads\/2024\/05\/Aurore-Creative_Logo.team_-2048x1294.png 2048w\" sizes=\"(max-width: 1024px) 100vw, 1024px\" \/><\/figure>\n<\/div>\n\n\n\n<div class=\"wp-block-column is-layout-flow wp-block-column-is-layout-flow\" style=\"flex-basis:66.66%\">\n<h2 class=\"wp-block-heading\">Identit\u00e9 visuelle \u00e0 Clermont-Ferrand : pourquoi elle est essentielle pour se faire (re)conna\u00eetre<\/h2>\n\n\n\n<p><strong>Cr\u00e9er une bonne identit\u00e9 visuelle \u00e0 Clermont-Ferrand<\/strong>, ce n\u2019est pas juste une histoire de logo ou de jolies couleurs. C\u2019est surtout une strat\u00e9gie de communication visuelle puissante pour permettre \u00e0 une entreprise, une association ou une collectivit\u00e9 locale de se faire conna\u00eetre\u2026 et surtout de se faire reconna\u00eetre au premier coup d\u2019\u0153il. Dans cet article, on vous explique pourquoi soigner votre image de marque est un investissement strat\u00e9gique, durable et indispensable pour exister dans le paysage clermontois.<\/p>\n<\/div>\n<\/div>\n\n\n\n<div style=\"height:71px\" aria-hidden=\"true\" class=\"wp-block-spacer\"><\/div>\n\n\n\n<h2 class=\"wp-block-heading\">\ud83c\udfaf L\u2019identit\u00e9 visuelle, un levier de visibilit\u00e9 locale \u00e0 Clermont-Ferrand<\/h2>\n\n\n\n<p>\u00c0 Clermont-Ferrand, la concurrence entre entreprises, artisans, commer\u00e7ants et associations est bien r\u00e9elle. Et pour sortir du lot, <strong>une identit\u00e9 visuelle forte<\/strong> est votre meilleure alli\u00e9e.<\/p>\n\n\n\n<p>Car avant de vendre un produit ou un service, vous vendez\u2026 une image.<\/p>\n\n\n\n<p>Et cette image, elle commence par :<\/p>\n\n\n\n<ul class=\"wp-block-list\">\n<li>un <strong>logo professionnel<\/strong>, clair et identifiable<\/li>\n\n\n\n<li>une <strong>charte graphique coh\u00e9rente<\/strong>, qui structure tous vos supports<\/li>\n\n\n\n<li>un <strong>univers visuel<\/strong> qui raconte votre histoire et vos valeurs<\/li>\n<\/ul>\n\n\n\n<p>En bref, l\u2019identit\u00e9 visuelle, c\u2019est le fil rouge de toute votre communication.<\/p>\n\n\n\n<p>Et \u00e0 Clermont-Ferrand comme ailleurs, elle conditionne votre <strong>notori\u00e9t\u00e9 locale<\/strong>, votre <strong>cr\u00e9dibilit\u00e9<\/strong> et votre <strong>impact sur votre public cible<\/strong>.<\/p>\n\n\n\n<div class=\"wp-block-buttons is-content-justification-center is-layout-flex wp-container-core-buttons-is-layout-1 wp-block-buttons-is-layout-flex\">\n<div class=\"wp-block-button\"><a class=\"wp-block-button__link wp-element-button\" href=\"https:\/\/laurorecreative.fr\/index.php\/agence-communication-clermont-moulins\/\">\ud83d\udc49\ud83c\udffb\u00a0R\u00e9server un appel gratuit pour nous poser toutes vos questions<\/a><\/div>\n<\/div>\n\n\n\n<div style=\"height:71px\" aria-hidden=\"true\" class=\"wp-block-spacer\"><\/div>\n\n\n\n<h2 class=\"wp-block-heading\">\ud83e\udde9 Qu\u2019est-ce qu\u2019une bonne identit\u00e9 visuelle, exactement ?<\/h2>\n\n\n\n<p>Une bonne identit\u00e9 visuelle, c\u2019est comme une bonne recette auvergnate : simple, savoureuse\u2026 et m\u00e9morable.<\/p>\n\n\n\n<p>Elle se compose de plusieurs <strong>\u00e9l\u00e9ments graphiques<\/strong> pens\u00e9s pour fonctionner ensemble, sur tous vos supports de communication, en ligne comme hors ligne :<\/p>\n\n\n\n<ul class=\"wp-block-list\">\n<li>Un <strong>logo<\/strong> unique, lisible et adaptable<\/li>\n\n\n\n<li>Une <strong>palette de couleurs<\/strong> qui refl\u00e8te votre personnalit\u00e9<\/li>\n\n\n\n<li>Des <strong>typographies<\/strong> harmonis\u00e9es<\/li>\n\n\n\n<li>Des <strong>pictogrammes ou ic\u00f4nes<\/strong> coh\u00e9rents<\/li>\n\n\n\n<li>Des d\u00e9clinaisons visuelles pour le web, les r\u00e9seaux sociaux, les flyers, les affiches, etc.<\/li>\n<\/ul>\n\n\n\n<p>Tout cela s&rsquo;inscrit dans une <strong>charte graphique<\/strong> qui garantit la coh\u00e9rence de votre image, sur tous les supports.<\/p>\n\n\n\n<div style=\"height:47px\" aria-hidden=\"true\" class=\"wp-block-spacer\"><\/div>\n\n\n\n<figure class=\"wp-block-image aligncenter size-large is-resized\"><img decoding=\"async\" width=\"1024\" height=\"724\" src=\"http:\/\/laurorecreative.fr\/wp-content\/uploads\/2025\/09\/Portfolio-projet-2-1024x724.jpg\" alt=\"\" class=\"wp-image-1434\" style=\"width:636px;height:auto\" srcset=\"https:\/\/laurorecreative.fr\/wp-content\/uploads\/2025\/09\/Portfolio-projet-2-1024x724.jpg 1024w, https:\/\/laurorecreative.fr\/wp-content\/uploads\/2025\/09\/Portfolio-projet-2-300x212.jpg 300w, https:\/\/laurorecreative.fr\/wp-content\/uploads\/2025\/09\/Portfolio-projet-2-768x543.jpg 768w, https:\/\/laurorecreative.fr\/wp-content\/uploads\/2025\/09\/Portfolio-projet-2-1536x1086.jpg 1536w, https:\/\/laurorecreative.fr\/wp-content\/uploads\/2025\/09\/Portfolio-projet-2-2048x1448.jpg 2048w, https:\/\/laurorecreative.fr\/wp-content\/uploads\/2025\/09\/Portfolio-projet-2-600x424.jpg 600w\" sizes=\"(max-width: 1024px) 100vw, 1024px\" \/><\/figure>\n\n\n\n<div style=\"height:71px\" aria-hidden=\"true\" class=\"wp-block-spacer\"><\/div>\n\n\n\n<h2 class=\"wp-block-heading\">\ud83d\udee0 Pourquoi investir dans son image de marque \u00e0 Clermont-Ferrand ?<\/h2>\n\n\n\n<p>\u00c0 Clermont-Ferrand, beaucoup de professionnels misent encore tout sur le bouche-\u00e0-oreille. Et c\u2019est tr\u00e8s bien ! Mais <strong>sans identit\u00e9 graphique forte<\/strong>, difficile de transformer ce bouche-\u00e0-oreille en <strong>reconnaissance visuelle imm\u00e9diate<\/strong>.<\/p>\n\n\n\n<p>Voici 4 bonnes raisons de travailler votre identit\u00e9 visuelle :<\/p>\n\n\n\n<ol class=\"wp-block-list\">\n<li><strong>Vous vous diff\u00e9renciez localement<\/strong> : votre logo ne ressemble pas \u00e0 celui du voisin.<\/li>\n\n\n\n<li><strong>Vous inspirez confiance<\/strong> : une image professionnelle rassure.<\/li>\n\n\n\n<li><strong>Vous restez en m\u00e9moire<\/strong> : les clients vous reconnaissent en un clin d\u2019\u0153il.<\/li>\n\n\n\n<li><strong>Vous structurez votre communication<\/strong> : tout devient plus simple \u00e0 d\u00e9cliner.<\/li>\n<\/ol>\n\n\n\n<p>Bref, vous gagnez en visibilit\u00e9 <strong>sur Clermont-Ferrand et sa r\u00e9gion<\/strong>, que vous soyez une PME, un commer\u00e7ant, une collectivit\u00e9 ou une association.<\/p>\n\n\n\n<figure class=\"wp-block-gallery has-nested-images columns-7 is-cropped wp-block-gallery-1 is-layout-flex wp-block-gallery-is-layout-flex\">\n<figure class=\"wp-block-image size-large\"><img decoding=\"async\" width=\"1024\" height=\"1024\" data-id=\"1371\" src=\"https:\/\/laurorecreative.fr\/wp-content\/uploads\/2025\/07\/logo_Plan-de-travail-1-1-1024x1024.png\" alt=\"\" class=\"wp-image-1371\" srcset=\"https:\/\/laurorecreative.fr\/wp-content\/uploads\/2025\/07\/logo_Plan-de-travail-1-1-1024x1024.png 1024w, https:\/\/laurorecreative.fr\/wp-content\/uploads\/2025\/07\/logo_Plan-de-travail-1-1-300x300.png 300w, https:\/\/laurorecreative.fr\/wp-content\/uploads\/2025\/07\/logo_Plan-de-travail-1-1-150x150.png 150w, https:\/\/laurorecreative.fr\/wp-content\/uploads\/2025\/07\/logo_Plan-de-travail-1-1-768x768.png 768w, https:\/\/laurorecreative.fr\/wp-content\/uploads\/2025\/07\/logo_Plan-de-travail-1-1-1536x1536.png 1536w, https:\/\/laurorecreative.fr\/wp-content\/uploads\/2025\/07\/logo_Plan-de-travail-1-1-2048x2048.png 2048w, https:\/\/laurorecreative.fr\/wp-content\/uploads\/2025\/07\/logo_Plan-de-travail-1-1-600x600.png 600w, https:\/\/laurorecreative.fr\/wp-content\/uploads\/2025\/07\/logo_Plan-de-travail-1-1-100x100.png 100w\" sizes=\"(max-width: 1024px) 100vw, 1024px\" \/><\/figure>\n\n\n\n<figure class=\"wp-block-image size-large\"><img loading=\"lazy\" decoding=\"async\" width=\"1024\" height=\"1024\" data-id=\"1367\" src=\"https:\/\/laurorecreative.fr\/wp-content\/uploads\/2025\/07\/logo_Plan-de-travail-1-copie-5-1024x1024.png\" alt=\"\" class=\"wp-image-1367\" srcset=\"https:\/\/laurorecreative.fr\/wp-content\/uploads\/2025\/07\/logo_Plan-de-travail-1-copie-5-1024x1024.png 1024w, https:\/\/laurorecreative.fr\/wp-content\/uploads\/2025\/07\/logo_Plan-de-travail-1-copie-5-300x300.png 300w, https:\/\/laurorecreative.fr\/wp-content\/uploads\/2025\/07\/logo_Plan-de-travail-1-copie-5-150x150.png 150w, https:\/\/laurorecreative.fr\/wp-content\/uploads\/2025\/07\/logo_Plan-de-travail-1-copie-5-768x768.png 768w, https:\/\/laurorecreative.fr\/wp-content\/uploads\/2025\/07\/logo_Plan-de-travail-1-copie-5-1536x1536.png 1536w, https:\/\/laurorecreative.fr\/wp-content\/uploads\/2025\/07\/logo_Plan-de-travail-1-copie-5-2048x2048.png 2048w, https:\/\/laurorecreative.fr\/wp-content\/uploads\/2025\/07\/logo_Plan-de-travail-1-copie-5-600x600.png 600w, https:\/\/laurorecreative.fr\/wp-content\/uploads\/2025\/07\/logo_Plan-de-travail-1-copie-5-100x100.png 100w\" sizes=\"(max-width: 1024px) 100vw, 1024px\" \/><\/figure>\n\n\n\n<figure class=\"wp-block-image size-large\"><img loading=\"lazy\" decoding=\"async\" width=\"1024\" height=\"1024\" data-id=\"1378\" src=\"https:\/\/laurorecreative.fr\/wp-content\/uploads\/2025\/07\/logo_Plan-de-travail-1-copie-5-2-1024x1024.png\" alt=\"\" class=\"wp-image-1378\" srcset=\"https:\/\/laurorecreative.fr\/wp-content\/uploads\/2025\/07\/logo_Plan-de-travail-1-copie-5-2-1024x1024.png 1024w, https:\/\/laurorecreative.fr\/wp-content\/uploads\/2025\/07\/logo_Plan-de-travail-1-copie-5-2-300x300.png 300w, https:\/\/laurorecreative.fr\/wp-content\/uploads\/2025\/07\/logo_Plan-de-travail-1-copie-5-2-150x150.png 150w, https:\/\/laurorecreative.fr\/wp-content\/uploads\/2025\/07\/logo_Plan-de-travail-1-copie-5-2-768x768.png 768w, https:\/\/laurorecreative.fr\/wp-content\/uploads\/2025\/07\/logo_Plan-de-travail-1-copie-5-2-1536x1536.png 1536w, https:\/\/laurorecreative.fr\/wp-content\/uploads\/2025\/07\/logo_Plan-de-travail-1-copie-5-2-2048x2048.png 2048w, https:\/\/laurorecreative.fr\/wp-content\/uploads\/2025\/07\/logo_Plan-de-travail-1-copie-5-2-600x600.png 600w, https:\/\/laurorecreative.fr\/wp-content\/uploads\/2025\/07\/logo_Plan-de-travail-1-copie-5-2-100x100.png 100w\" sizes=\"(max-width: 1024px) 100vw, 1024px\" \/><\/figure>\n\n\n\n<figure class=\"wp-block-image size-large\"><img loading=\"lazy\" decoding=\"async\" width=\"1024\" height=\"1024\" data-id=\"1375\" src=\"https:\/\/laurorecreative.fr\/wp-content\/uploads\/2025\/07\/logo_Plan-de-travail-1-copie-6-1024x1024.png\" alt=\"\" class=\"wp-image-1375\" srcset=\"https:\/\/laurorecreative.fr\/wp-content\/uploads\/2025\/07\/logo_Plan-de-travail-1-copie-6-1024x1024.png 1024w, https:\/\/laurorecreative.fr\/wp-content\/uploads\/2025\/07\/logo_Plan-de-travail-1-copie-6-300x300.png 300w, https:\/\/laurorecreative.fr\/wp-content\/uploads\/2025\/07\/logo_Plan-de-travail-1-copie-6-150x150.png 150w, https:\/\/laurorecreative.fr\/wp-content\/uploads\/2025\/07\/logo_Plan-de-travail-1-copie-6-768x768.png 768w, https:\/\/laurorecreative.fr\/wp-content\/uploads\/2025\/07\/logo_Plan-de-travail-1-copie-6-1536x1536.png 1536w, https:\/\/laurorecreative.fr\/wp-content\/uploads\/2025\/07\/logo_Plan-de-travail-1-copie-6-2048x2048.png 2048w, https:\/\/laurorecreative.fr\/wp-content\/uploads\/2025\/07\/logo_Plan-de-travail-1-copie-6-600x600.png 600w, https:\/\/laurorecreative.fr\/wp-content\/uploads\/2025\/07\/logo_Plan-de-travail-1-copie-6-100x100.png 100w\" sizes=\"(max-width: 1024px) 100vw, 1024px\" \/><\/figure>\n\n\n\n<figure class=\"wp-block-image size-large\"><img loading=\"lazy\" decoding=\"async\" width=\"1024\" height=\"1024\" data-id=\"1377\" src=\"https:\/\/laurorecreative.fr\/wp-content\/uploads\/2025\/07\/logo_Plan-de-travail-1-2-1024x1024.png\" alt=\"\" class=\"wp-image-1377\" srcset=\"https:\/\/laurorecreative.fr\/wp-content\/uploads\/2025\/07\/logo_Plan-de-travail-1-2-1024x1024.png 1024w, https:\/\/laurorecreative.fr\/wp-content\/uploads\/2025\/07\/logo_Plan-de-travail-1-2-300x300.png 300w, https:\/\/laurorecreative.fr\/wp-content\/uploads\/2025\/07\/logo_Plan-de-travail-1-2-150x150.png 150w, https:\/\/laurorecreative.fr\/wp-content\/uploads\/2025\/07\/logo_Plan-de-travail-1-2-768x768.png 768w, https:\/\/laurorecreative.fr\/wp-content\/uploads\/2025\/07\/logo_Plan-de-travail-1-2-1536x1536.png 1536w, https:\/\/laurorecreative.fr\/wp-content\/uploads\/2025\/07\/logo_Plan-de-travail-1-2-2048x2048.png 2048w, https:\/\/laurorecreative.fr\/wp-content\/uploads\/2025\/07\/logo_Plan-de-travail-1-2-600x600.png 600w, https:\/\/laurorecreative.fr\/wp-content\/uploads\/2025\/07\/logo_Plan-de-travail-1-2-100x100.png 100w\" sizes=\"(max-width: 1024px) 100vw, 1024px\" \/><\/figure>\n\n\n\n<figure class=\"wp-block-image size-large\"><img loading=\"lazy\" decoding=\"async\" width=\"1024\" height=\"1024\" data-id=\"1376\" src=\"https:\/\/laurorecreative.fr\/wp-content\/uploads\/2025\/07\/logo_Plan-de-travail-1-copie-1-1024x1024.png\" alt=\"\" class=\"wp-image-1376\" srcset=\"https:\/\/laurorecreative.fr\/wp-content\/uploads\/2025\/07\/logo_Plan-de-travail-1-copie-1-1024x1024.png 1024w, https:\/\/laurorecreative.fr\/wp-content\/uploads\/2025\/07\/logo_Plan-de-travail-1-copie-1-300x300.png 300w, https:\/\/laurorecreative.fr\/wp-content\/uploads\/2025\/07\/logo_Plan-de-travail-1-copie-1-150x150.png 150w, https:\/\/laurorecreative.fr\/wp-content\/uploads\/2025\/07\/logo_Plan-de-travail-1-copie-1-768x768.png 768w, https:\/\/laurorecreative.fr\/wp-content\/uploads\/2025\/07\/logo_Plan-de-travail-1-copie-1-1536x1536.png 1536w, https:\/\/laurorecreative.fr\/wp-content\/uploads\/2025\/07\/logo_Plan-de-travail-1-copie-1-2048x2048.png 2048w, https:\/\/laurorecreative.fr\/wp-content\/uploads\/2025\/07\/logo_Plan-de-travail-1-copie-1-600x600.png 600w, https:\/\/laurorecreative.fr\/wp-content\/uploads\/2025\/07\/logo_Plan-de-travail-1-copie-1-100x100.png 100w\" sizes=\"(max-width: 1024px) 100vw, 1024px\" \/><\/figure>\n\n\n\n<figure class=\"wp-block-image size-large\"><img loading=\"lazy\" decoding=\"async\" width=\"1024\" height=\"1024\" data-id=\"1365\" src=\"https:\/\/laurorecreative.fr\/wp-content\/uploads\/2025\/07\/logo_Plan-de-travail-1-copie-2-1024x1024.png\" alt=\"\" class=\"wp-image-1365\" srcset=\"https:\/\/laurorecreative.fr\/wp-content\/uploads\/2025\/07\/logo_Plan-de-travail-1-copie-2-1024x1024.png 1024w, https:\/\/laurorecreative.fr\/wp-content\/uploads\/2025\/07\/logo_Plan-de-travail-1-copie-2-300x300.png 300w, https:\/\/laurorecreative.fr\/wp-content\/uploads\/2025\/07\/logo_Plan-de-travail-1-copie-2-150x150.png 150w, https:\/\/laurorecreative.fr\/wp-content\/uploads\/2025\/07\/logo_Plan-de-travail-1-copie-2-768x768.png 768w, https:\/\/laurorecreative.fr\/wp-content\/uploads\/2025\/07\/logo_Plan-de-travail-1-copie-2-1536x1536.png 1536w, https:\/\/laurorecreative.fr\/wp-content\/uploads\/2025\/07\/logo_Plan-de-travail-1-copie-2-2048x2048.png 2048w, https:\/\/laurorecreative.fr\/wp-content\/uploads\/2025\/07\/logo_Plan-de-travail-1-copie-2-600x600.png 600w, https:\/\/laurorecreative.fr\/wp-content\/uploads\/2025\/07\/logo_Plan-de-travail-1-copie-2-100x100.png 100w\" sizes=\"(max-width: 1024px) 100vw, 1024px\" \/><\/figure>\n<\/figure>\n\n\n\n<div class=\"wp-block-buttons is-content-justification-right is-layout-flex wp-container-core-buttons-is-layout-2 wp-block-buttons-is-layout-flex\">\n<div class=\"wp-block-button\"><a class=\"wp-block-button__link wp-element-button\" href=\"https:\/\/laurorecreative.fr\/index.php\/nos-realisations\/\">\ud83d\udc49\ud83c\udffb Nos derni\u00e8res r\u00e9alisations<\/a><\/div>\n<\/div>\n\n\n\n<div style=\"height:56px\" aria-hidden=\"true\" class=\"wp-block-spacer\"><\/div>\n\n\n\n<h2 class=\"wp-block-heading\">\ud83d\udd8c L\u2019Aurore Cr\u00e9ative : votre agence d\u2019identit\u00e9 visuelle \u00e0 Clermont-Ferrand<\/h2>\n\n\n\n<p>Bas\u00e9e \u00e0 <strong>Clermont-Ferrand et Moulins<\/strong>, notre agence L\u2019Aurore Cr\u00e9ative vous accompagne dans la <strong>cr\u00e9ation, la refonte ou l\u2019\u00e9volution de votre identit\u00e9 visuelle<\/strong>.<\/p>\n\n\n\n<p>Nos services :<\/p>\n\n\n\n<ul class=\"wp-block-list\">\n<li>Cr\u00e9ation de logo sur mesure<\/li>\n\n\n\n<li>D\u00e9finition ou modernisation de votre charte graphique<\/li>\n\n\n\n<li>D\u00e9clinaison visuelle sur tous vos supports : print, digital, r\u00e9seaux sociaux<\/li>\n\n\n\n<li>Accompagnement global en <strong>strat\u00e9gie de communication visuelle<\/strong><\/li>\n<\/ul>\n\n\n\n<div style=\"height:42px\" aria-hidden=\"true\" class=\"wp-block-spacer\"><\/div>\n\n\n\n<div class=\"wp-block-buttons is-content-justification-center is-layout-flex wp-container-core-buttons-is-layout-3 wp-block-buttons-is-layout-flex\">\n<div class=\"wp-block-button\"><a class=\"wp-block-button__link wp-element-button\" href=\"https:\/\/laurorecreative.fr\/index.php\/creation-logo-clermont-ferrand\/\">\ud83d\udc49\ud83c\udffb\u00a0Le process et le prix ICI<\/a><\/div>\n<\/div>\n\n\n\n<div style=\"height:71px\" aria-hidden=\"true\" class=\"wp-block-spacer\"><\/div>\n\n\n\n<p>\ud83d\udcd8&nbsp;<strong>Vous \u00eates sur le point de cr\u00e9er (ou de repenser) votre identit\u00e9 visuelle ?<\/strong><\/p>\n\n\n\n<p>Avant de foncer t\u00eate baiss\u00e9e, prenez un moment pour vous poser les <strong>bonnes questions<\/strong>.<\/p>\n\n\n\n<p>\ud83d\udc49 T\u00e9l\u00e9chargez notre <strong>guide gratuit<\/strong>:<\/p>\n\n\n\n<pre class=\"wp-block-verse has-text-align-center\"><em><strong><a href=\"https:\/\/drive.google.com\/open?id=1CXGsVgeh5ttFdmee2BEHsLwN17oZR8mX&amp;usp=drive_fs\">\u201c5 questions essentielles \u00e0 se poser avant de cr\u00e9er son identit\u00e9 visuelle\u201d<\/a><\/strong><\/em><\/pre>\n\n\n\n<p>Un outil clair, rapide et concret pour mieux cadrer votre projet et \u00e9viter les erreurs classiques.<\/p>\n\n\n\n<p><strong>Parce qu\u2019une identit\u00e9 forte commence toujours par une bonne r\u00e9flexion.<\/strong><\/p>\n\n\n\n<div style=\"height:107px\" aria-hidden=\"true\" class=\"wp-block-spacer\"><\/div>\n","protected":false},"excerpt":{"rendered":"<p>Identit\u00e9 visuelle \u00e0 Clermont-Ferrand : pourquoi elle est essentielle pour se faire (re)conna\u00eetre Cr\u00e9er une bonne identit\u00e9 visuelle \u00e0 Clermont-Ferrand, ce n\u2019est pas juste une histoire de logo ou de jolies couleurs. C\u2019est surtout une strat\u00e9gie de communication visuelle puissante pour permettre \u00e0 une entreprise, une association ou une collectivit\u00e9 locale de se faire conna\u00eetre\u2026 et surtout de se faire reconna\u00eetre au premier coup d\u2019\u0153il. Dans cet article, on vous explique pourquoi soigner votre image de marque est un investissement strat\u00e9gique, durable et indispensable pour exister dans le paysage clermontois. \ud83c\udfaf L\u2019identit\u00e9 visuelle, un levier de visibilit\u00e9 locale \u00e0 Clermont-Ferrand \u00c0 Clermont-Ferrand, la concurrence entre entreprises, artisans, commer\u00e7ants et associations est bien r\u00e9elle. Et pour sortir du lot, une identit\u00e9 visuelle forte est votre meilleure alli\u00e9e. Car avant de vendre un produit ou un service, vous vendez\u2026 une image. Et cette image, elle commence par : En bref, l\u2019identit\u00e9 visuelle, c\u2019est le fil rouge de toute votre communication. Et \u00e0 Clermont-Ferrand comme ailleurs, elle conditionne votre notori\u00e9t\u00e9 locale, votre cr\u00e9dibilit\u00e9 et votre impact sur votre public cible. \ud83e\udde9 Qu\u2019est-ce qu\u2019une bonne identit\u00e9 visuelle, exactement ? Une bonne identit\u00e9 visuelle, c\u2019est comme une bonne recette auvergnate : simple, savoureuse\u2026 et m\u00e9morable. Elle se compose de plusieurs \u00e9l\u00e9ments graphiques pens\u00e9s pour fonctionner ensemble, sur tous vos supports de communication, en ligne comme hors ligne : Tout cela s&rsquo;inscrit dans une charte graphique qui garantit la coh\u00e9rence de votre image, sur tous les supports. \ud83d\udee0 Pourquoi investir dans son image de marque \u00e0 Clermont-Ferrand ? \u00c0 Clermont-Ferrand, beaucoup de professionnels misent encore tout sur le bouche-\u00e0-oreille. Et c\u2019est tr\u00e8s bien ! Mais sans identit\u00e9 graphique forte, difficile de transformer ce bouche-\u00e0-oreille en reconnaissance visuelle imm\u00e9diate. Voici 4 bonnes raisons de travailler votre identit\u00e9 visuelle : Bref, vous gagnez en visibilit\u00e9 sur Clermont-Ferrand et sa r\u00e9gion, que vous soyez une PME, un commer\u00e7ant, une collectivit\u00e9 ou une association. \ud83d\udd8c L\u2019Aurore Cr\u00e9ative : votre agence d\u2019identit\u00e9 visuelle \u00e0 Clermont-Ferrand Bas\u00e9e \u00e0 Clermont-Ferrand et Moulins, notre agence L\u2019Aurore Cr\u00e9ative vous accompagne dans la cr\u00e9ation, la refonte ou l\u2019\u00e9volution de votre identit\u00e9 visuelle. Nos services : \ud83d\udcd8&nbsp;Vous \u00eates sur le point de cr\u00e9er (ou de repenser) votre identit\u00e9 visuelle ? Avant de foncer t\u00eate baiss\u00e9e, prenez un moment pour vous poser les bonnes questions. \ud83d\udc49 T\u00e9l\u00e9chargez notre guide gratuit: \u201c5 questions essentielles \u00e0 se poser avant de cr\u00e9er son identit\u00e9 visuelle\u201d Un outil clair, rapide et concret pour mieux cadrer votre projet et \u00e9viter les erreurs classiques. Parce qu\u2019une identit\u00e9 forte commence toujours par une bonne r\u00e9flexion.<\/p>\n","protected":false},"author":2,"featured_media":0,"comment_status":"closed","ping_status":"closed","sticky":false,"template":"","format":"standard","meta":{"footnotes":""},"categories":[1],"tags":[43,45,41,42,44,47,46,49,50,48],"class_list":["post-1430","post","type-post","status-publish","format-standard","hentry","category-blog","tag-agence-communication-clermont-ferrand","tag-creation-de-logo-clermont-ferrand","tag-creation-identite-visuelle-clermont-ferrand","tag-designer-graphique-clermont-ferrand","tag-graphiste-clermont-ferrand","tag-identite-graphique-entreprise-clermont-ferrand","tag-image-de-marque-clermont-ferrand","tag-refonte-logo-clermont-ferrand","tag-strategie-de-communication-visuelle-clermont-ferrand","tag-studio-graphique-clermont-ferrand"],"yoast_head":"<!-- This site is optimized with the Yoast SEO plugin v26.8 - https:\/\/yoast.com\/product\/yoast-seo-wordpress\/ -->\n<title>Cr\u00e9ation d&#039;identit\u00e9 visuelle et logo - Agence Clermont-Ferrand<\/title>\n<meta name=\"description\" content=\"L\u2019identit\u00e9 visuelle est cl\u00e9 pour se faire (re)conna\u00eetre \u00e0 Clermont-Ferrand. D\u00e9couvrez pourquoi et comment cr\u00e9er une image forte.\" \/>\n<meta name=\"robots\" content=\"index, follow, max-snippet:-1, max-image-preview:large, max-video-preview:-1\" \/>\n<link rel=\"canonical\" href=\"https:\/\/laurorecreative.fr\/index.php\/2025\/09\/29\/identite-visuelle-clermont-ferrand\/\" \/>\n<meta property=\"og:locale\" content=\"fr_FR\" \/>\n<meta property=\"og:type\" content=\"article\" \/>\n<meta property=\"og:title\" content=\"Cr\u00e9ation d&#039;identit\u00e9 visuelle et logo - Agence Clermont-Ferrand\" \/>\n<meta property=\"og:description\" content=\"L\u2019identit\u00e9 visuelle est cl\u00e9 pour se faire (re)conna\u00eetre \u00e0 Clermont-Ferrand. D\u00e9couvrez pourquoi et comment cr\u00e9er une image forte.\" \/>\n<meta property=\"og:url\" content=\"https:\/\/laurorecreative.fr\/index.php\/2025\/09\/29\/identite-visuelle-clermont-ferrand\/\" \/>\n<meta property=\"og:site_name\" content=\"laurorecreative.fr\" \/>\n<meta property=\"article:published_time\" content=\"2025-09-29T05:00:00+00:00\" \/>\n<meta property=\"article:modified_time\" content=\"2025-10-13T09:31:09+00:00\" \/>\n<meta property=\"og:image\" content=\"https:\/\/laurorecreative.fr\/wp-content\/uploads\/2024\/05\/Aurore-Creative_Logo.team_.png\" \/>\n\t<meta property=\"og:image:width\" content=\"2509\" \/>\n\t<meta property=\"og:image:height\" content=\"1585\" \/>\n\t<meta property=\"og:image:type\" content=\"image\/png\" \/>\n<meta name=\"author\" content=\"Laure Abonnel\" \/>\n<meta name=\"twitter:card\" content=\"summary_large_image\" \/>\n<meta name=\"twitter:label1\" content=\"\u00c9crit par\" \/>\n\t<meta name=\"twitter:data1\" content=\"Laure Abonnel\" \/>\n\t<meta name=\"twitter:label2\" content=\"Dur\u00e9e de lecture estim\u00e9e\" \/>\n\t<meta name=\"twitter:data2\" content=\"5 minutes\" \/>\n<script type=\"application\/ld+json\" class=\"yoast-schema-graph\">{\"@context\":\"https:\/\/schema.org\",\"@graph\":[{\"@type\":\"Article\",\"@id\":\"https:\/\/laurorecreative.fr\/index.php\/2025\/09\/29\/identite-visuelle-clermont-ferrand\/#article\",\"isPartOf\":{\"@id\":\"https:\/\/laurorecreative.fr\/index.php\/2025\/09\/29\/identite-visuelle-clermont-ferrand\/\"},\"author\":{\"name\":\"Laure Abonnel\",\"@id\":\"https:\/\/laurorecreative.fr\/#\/schema\/person\/1af2cc1fa27d40a22610dfb5b200c753\"},\"headline\":\"L\u2019importance d\u2019une bonne identit\u00e9 visuelle pour se faire (re)conna\u00eetre \u00e0 Clermont Ferrand\",\"datePublished\":\"2025-09-29T05:00:00+00:00\",\"dateModified\":\"2025-10-13T09:31:09+00:00\",\"mainEntityOfPage\":{\"@id\":\"https:\/\/laurorecreative.fr\/index.php\/2025\/09\/29\/identite-visuelle-clermont-ferrand\/\"},\"wordCount\":613,\"publisher\":{\"@id\":\"https:\/\/laurorecreative.fr\/#organization\"},\"image\":{\"@id\":\"https:\/\/laurorecreative.fr\/index.php\/2025\/09\/29\/identite-visuelle-clermont-ferrand\/#primaryimage\"},\"thumbnailUrl\":\"http:\/\/laurorecreative.fr\/wp-content\/uploads\/2024\/05\/Aurore-Creative_Logo.team_-1024x647.png\",\"keywords\":[\"agence communication Clermont-Ferrand\",\"cr\u00e9ation de logo Clermont-Ferrand\",\"cr\u00e9ation identit\u00e9 visuelle Clermont-Ferrand\",\"designer graphique Clermont-Ferrand\",\"graphiste Clermont-Ferrand\",\"identit\u00e9 graphique entreprise Clermont-Ferrand\",\"image de marque Clermont-Ferrand\",\"refonte logo Clermont-Ferrand\",\"strat\u00e9gie de communication visuelle Clermont-Ferrand\",\"studio graphique Clermont-Ferrand\"],\"articleSection\":[\"Blog\"],\"inLanguage\":\"fr-FR\"},{\"@type\":\"WebPage\",\"@id\":\"https:\/\/laurorecreative.fr\/index.php\/2025\/09\/29\/identite-visuelle-clermont-ferrand\/\",\"url\":\"https:\/\/laurorecreative.fr\/index.php\/2025\/09\/29\/identite-visuelle-clermont-ferrand\/\",\"name\":\"Cr\u00e9ation d'identit\u00e9 visuelle et logo - Agence Clermont-Ferrand\",\"isPartOf\":{\"@id\":\"https:\/\/laurorecreative.fr\/#website\"},\"primaryImageOfPage\":{\"@id\":\"https:\/\/laurorecreative.fr\/index.php\/2025\/09\/29\/identite-visuelle-clermont-ferrand\/#primaryimage\"},\"image\":{\"@id\":\"https:\/\/laurorecreative.fr\/index.php\/2025\/09\/29\/identite-visuelle-clermont-ferrand\/#primaryimage\"},\"thumbnailUrl\":\"http:\/\/laurorecreative.fr\/wp-content\/uploads\/2024\/05\/Aurore-Creative_Logo.team_-1024x647.png\",\"datePublished\":\"2025-09-29T05:00:00+00:00\",\"dateModified\":\"2025-10-13T09:31:09+00:00\",\"description\":\"L\u2019identit\u00e9 visuelle est cl\u00e9 pour se faire (re)conna\u00eetre \u00e0 Clermont-Ferrand. D\u00e9couvrez pourquoi et comment cr\u00e9er une image forte.\",\"breadcrumb\":{\"@id\":\"https:\/\/laurorecreative.fr\/index.php\/2025\/09\/29\/identite-visuelle-clermont-ferrand\/#breadcrumb\"},\"inLanguage\":\"fr-FR\",\"potentialAction\":[{\"@type\":\"ReadAction\",\"target\":[\"https:\/\/laurorecreative.fr\/index.php\/2025\/09\/29\/identite-visuelle-clermont-ferrand\/\"]}]},{\"@type\":\"ImageObject\",\"inLanguage\":\"fr-FR\",\"@id\":\"https:\/\/laurorecreative.fr\/index.php\/2025\/09\/29\/identite-visuelle-clermont-ferrand\/#primaryimage\",\"url\":\"https:\/\/laurorecreative.fr\/wp-content\/uploads\/2024\/05\/Aurore-Creative_Logo.team_.png\",\"contentUrl\":\"https:\/\/laurorecreative.fr\/wp-content\/uploads\/2024\/05\/Aurore-Creative_Logo.team_.png\",\"width\":2509,\"height\":1585,\"caption\":\"communication clermont ferrand\"},{\"@type\":\"BreadcrumbList\",\"@id\":\"https:\/\/laurorecreative.fr\/index.php\/2025\/09\/29\/identite-visuelle-clermont-ferrand\/#breadcrumb\",\"itemListElement\":[{\"@type\":\"ListItem\",\"position\":1,\"name\":\"Accueil\",\"item\":\"https:\/\/laurorecreative.fr\/\"},{\"@type\":\"ListItem\",\"position\":2,\"name\":\"L\u2019importance d\u2019une bonne identit\u00e9 visuelle pour se faire (re)conna\u00eetre \u00e0 Clermont Ferrand\"}]},{\"@type\":\"WebSite\",\"@id\":\"https:\/\/laurorecreative.fr\/#website\",\"url\":\"https:\/\/laurorecreative.fr\/\",\"name\":\"laurorecreative.fr\",\"description\":\"\",\"publisher\":{\"@id\":\"https:\/\/laurorecreative.fr\/#organization\"},\"potentialAction\":[{\"@type\":\"SearchAction\",\"target\":{\"@type\":\"EntryPoint\",\"urlTemplate\":\"https:\/\/laurorecreative.fr\/?s={search_term_string}\"},\"query-input\":{\"@type\":\"PropertyValueSpecification\",\"valueRequired\":true,\"valueName\":\"search_term_string\"}}],\"inLanguage\":\"fr-FR\"},{\"@type\":\"Organization\",\"@id\":\"https:\/\/laurorecreative.fr\/#organization\",\"name\":\"laurorecreative.fr\",\"url\":\"https:\/\/laurorecreative.fr\/\",\"logo\":{\"@type\":\"ImageObject\",\"inLanguage\":\"fr-FR\",\"@id\":\"https:\/\/laurorecreative.fr\/#\/schema\/logo\/image\/\",\"url\":\"https:\/\/laurorecreative.fr\/wp-content\/uploads\/2024\/06\/Aurore-Creative_Logo-copie.png\",\"contentUrl\":\"https:\/\/laurorecreative.fr\/wp-content\/uploads\/2024\/06\/Aurore-Creative_Logo-copie.png\",\"width\":300,\"height\":92,\"caption\":\"laurorecreative.fr\"},\"image\":{\"@id\":\"https:\/\/laurorecreative.fr\/#\/schema\/logo\/image\/\"}},{\"@type\":\"Person\",\"@id\":\"https:\/\/laurorecreative.fr\/#\/schema\/person\/1af2cc1fa27d40a22610dfb5b200c753\",\"name\":\"Laure Abonnel\",\"image\":{\"@type\":\"ImageObject\",\"inLanguage\":\"fr-FR\",\"@id\":\"https:\/\/laurorecreative.fr\/#\/schema\/person\/image\/\",\"url\":\"https:\/\/secure.gravatar.com\/avatar\/d6bc81e5e33c038934e2a3ef19b77eab?s=96&d=mm&r=g\",\"contentUrl\":\"https:\/\/secure.gravatar.com\/avatar\/d6bc81e5e33c038934e2a3ef19b77eab?s=96&d=mm&r=g\",\"caption\":\"Laure Abonnel\"},\"url\":\"https:\/\/laurorecreative.fr\/index.php\/author\/laure-abonnel\/\"}]}<\/script>\n<!-- \/ Yoast SEO plugin. -->","yoast_head_json":{"title":"Cr\u00e9ation d'identit\u00e9 visuelle et logo - Agence Clermont-Ferrand","description":"L\u2019identit\u00e9 visuelle est cl\u00e9 pour se faire (re)conna\u00eetre \u00e0 Clermont-Ferrand. D\u00e9couvrez pourquoi et comment cr\u00e9er une image forte.","robots":{"index":"index","follow":"follow","max-snippet":"max-snippet:-1","max-image-preview":"max-image-preview:large","max-video-preview":"max-video-preview:-1"},"canonical":"https:\/\/laurorecreative.fr\/index.php\/2025\/09\/29\/identite-visuelle-clermont-ferrand\/","og_locale":"fr_FR","og_type":"article","og_title":"Cr\u00e9ation d'identit\u00e9 visuelle et logo - Agence Clermont-Ferrand","og_description":"L\u2019identit\u00e9 visuelle est cl\u00e9 pour se faire (re)conna\u00eetre \u00e0 Clermont-Ferrand. D\u00e9couvrez pourquoi et comment cr\u00e9er une image forte.","og_url":"https:\/\/laurorecreative.fr\/index.php\/2025\/09\/29\/identite-visuelle-clermont-ferrand\/","og_site_name":"laurorecreative.fr","article_published_time":"2025-09-29T05:00:00+00:00","article_modified_time":"2025-10-13T09:31:09+00:00","og_image":[{"width":2509,"height":1585,"url":"https:\/\/laurorecreative.fr\/wp-content\/uploads\/2024\/05\/Aurore-Creative_Logo.team_.png","type":"image\/png"}],"author":"Laure Abonnel","twitter_card":"summary_large_image","twitter_misc":{"\u00c9crit par":"Laure Abonnel","Dur\u00e9e de lecture estim\u00e9e":"5 minutes"},"schema":{"@context":"https:\/\/schema.org","@graph":[{"@type":"Article","@id":"https:\/\/laurorecreative.fr\/index.php\/2025\/09\/29\/identite-visuelle-clermont-ferrand\/#article","isPartOf":{"@id":"https:\/\/laurorecreative.fr\/index.php\/2025\/09\/29\/identite-visuelle-clermont-ferrand\/"},"author":{"name":"Laure Abonnel","@id":"https:\/\/laurorecreative.fr\/#\/schema\/person\/1af2cc1fa27d40a22610dfb5b200c753"},"headline":"L\u2019importance d\u2019une bonne identit\u00e9 visuelle pour se faire (re)conna\u00eetre \u00e0 Clermont Ferrand","datePublished":"2025-09-29T05:00:00+00:00","dateModified":"2025-10-13T09:31:09+00:00","mainEntityOfPage":{"@id":"https:\/\/laurorecreative.fr\/index.php\/2025\/09\/29\/identite-visuelle-clermont-ferrand\/"},"wordCount":613,"publisher":{"@id":"https:\/\/laurorecreative.fr\/#organization"},"image":{"@id":"https:\/\/laurorecreative.fr\/index.php\/2025\/09\/29\/identite-visuelle-clermont-ferrand\/#primaryimage"},"thumbnailUrl":"http:\/\/laurorecreative.fr\/wp-content\/uploads\/2024\/05\/Aurore-Creative_Logo.team_-1024x647.png","keywords":["agence communication Clermont-Ferrand","cr\u00e9ation de logo Clermont-Ferrand","cr\u00e9ation identit\u00e9 visuelle Clermont-Ferrand","designer graphique Clermont-Ferrand","graphiste Clermont-Ferrand","identit\u00e9 graphique entreprise Clermont-Ferrand","image de marque Clermont-Ferrand","refonte logo Clermont-Ferrand","strat\u00e9gie de communication visuelle Clermont-Ferrand","studio graphique Clermont-Ferrand"],"articleSection":["Blog"],"inLanguage":"fr-FR"},{"@type":"WebPage","@id":"https:\/\/laurorecreative.fr\/index.php\/2025\/09\/29\/identite-visuelle-clermont-ferrand\/","url":"https:\/\/laurorecreative.fr\/index.php\/2025\/09\/29\/identite-visuelle-clermont-ferrand\/","name":"Cr\u00e9ation d'identit\u00e9 visuelle et logo - Agence Clermont-Ferrand","isPartOf":{"@id":"https:\/\/laurorecreative.fr\/#website"},"primaryImageOfPage":{"@id":"https:\/\/laurorecreative.fr\/index.php\/2025\/09\/29\/identite-visuelle-clermont-ferrand\/#primaryimage"},"image":{"@id":"https:\/\/laurorecreative.fr\/index.php\/2025\/09\/29\/identite-visuelle-clermont-ferrand\/#primaryimage"},"thumbnailUrl":"http:\/\/laurorecreative.fr\/wp-content\/uploads\/2024\/05\/Aurore-Creative_Logo.team_-1024x647.png","datePublished":"2025-09-29T05:00:00+00:00","dateModified":"2025-10-13T09:31:09+00:00","description":"L\u2019identit\u00e9 visuelle est cl\u00e9 pour se faire (re)conna\u00eetre \u00e0 Clermont-Ferrand. D\u00e9couvrez pourquoi et comment cr\u00e9er une image forte.","breadcrumb":{"@id":"https:\/\/laurorecreative.fr\/index.php\/2025\/09\/29\/identite-visuelle-clermont-ferrand\/#breadcrumb"},"inLanguage":"fr-FR","potentialAction":[{"@type":"ReadAction","target":["https:\/\/laurorecreative.fr\/index.php\/2025\/09\/29\/identite-visuelle-clermont-ferrand\/"]}]},{"@type":"ImageObject","inLanguage":"fr-FR","@id":"https:\/\/laurorecreative.fr\/index.php\/2025\/09\/29\/identite-visuelle-clermont-ferrand\/#primaryimage","url":"https:\/\/laurorecreative.fr\/wp-content\/uploads\/2024\/05\/Aurore-Creative_Logo.team_.png","contentUrl":"https:\/\/laurorecreative.fr\/wp-content\/uploads\/2024\/05\/Aurore-Creative_Logo.team_.png","width":2509,"height":1585,"caption":"communication clermont ferrand"},{"@type":"BreadcrumbList","@id":"https:\/\/laurorecreative.fr\/index.php\/2025\/09\/29\/identite-visuelle-clermont-ferrand\/#breadcrumb","itemListElement":[{"@type":"ListItem","position":1,"name":"Accueil","item":"https:\/\/laurorecreative.fr\/"},{"@type":"ListItem","position":2,"name":"L\u2019importance d\u2019une bonne identit\u00e9 visuelle pour se faire (re)conna\u00eetre \u00e0 Clermont Ferrand"}]},{"@type":"WebSite","@id":"https:\/\/laurorecreative.fr\/#website","url":"https:\/\/laurorecreative.fr\/","name":"laurorecreative.fr","description":"","publisher":{"@id":"https:\/\/laurorecreative.fr\/#organization"},"potentialAction":[{"@type":"SearchAction","target":{"@type":"EntryPoint","urlTemplate":"https:\/\/laurorecreative.fr\/?s={search_term_string}"},"query-input":{"@type":"PropertyValueSpecification","valueRequired":true,"valueName":"search_term_string"}}],"inLanguage":"fr-FR"},{"@type":"Organization","@id":"https:\/\/laurorecreative.fr\/#organization","name":"laurorecreative.fr","url":"https:\/\/laurorecreative.fr\/","logo":{"@type":"ImageObject","inLanguage":"fr-FR","@id":"https:\/\/laurorecreative.fr\/#\/schema\/logo\/image\/","url":"https:\/\/laurorecreative.fr\/wp-content\/uploads\/2024\/06\/Aurore-Creative_Logo-copie.png","contentUrl":"https:\/\/laurorecreative.fr\/wp-content\/uploads\/2024\/06\/Aurore-Creative_Logo-copie.png","width":300,"height":92,"caption":"laurorecreative.fr"},"image":{"@id":"https:\/\/laurorecreative.fr\/#\/schema\/logo\/image\/"}},{"@type":"Person","@id":"https:\/\/laurorecreative.fr\/#\/schema\/person\/1af2cc1fa27d40a22610dfb5b200c753","name":"Laure Abonnel","image":{"@type":"ImageObject","inLanguage":"fr-FR","@id":"https:\/\/laurorecreative.fr\/#\/schema\/person\/image\/","url":"https:\/\/secure.gravatar.com\/avatar\/d6bc81e5e33c038934e2a3ef19b77eab?s=96&d=mm&r=g","contentUrl":"https:\/\/secure.gravatar.com\/avatar\/d6bc81e5e33c038934e2a3ef19b77eab?s=96&d=mm&r=g","caption":"Laure Abonnel"},"url":"https:\/\/laurorecreative.fr\/index.php\/author\/laure-abonnel\/"}]}},"_links":{"self":[{"href":"https:\/\/laurorecreative.fr\/index.php\/wp-json\/wp\/v2\/posts\/1430","targetHints":{"allow":["GET"]}}],"collection":[{"href":"https:\/\/laurorecreative.fr\/index.php\/wp-json\/wp\/v2\/posts"}],"about":[{"href":"https:\/\/laurorecreative.fr\/index.php\/wp-json\/wp\/v2\/types\/post"}],"author":[{"embeddable":true,"href":"https:\/\/laurorecreative.fr\/index.php\/wp-json\/wp\/v2\/users\/2"}],"replies":[{"embeddable":true,"href":"https:\/\/laurorecreative.fr\/index.php\/wp-json\/wp\/v2\/comments?post=1430"}],"version-history":[{"count":8,"href":"https:\/\/laurorecreative.fr\/index.php\/wp-json\/wp\/v2\/posts\/1430\/revisions"}],"predecessor-version":[{"id":1440,"href":"https:\/\/laurorecreative.fr\/index.php\/wp-json\/wp\/v2\/posts\/1430\/revisions\/1440"}],"wp:attachment":[{"href":"https:\/\/laurorecreative.fr\/index.php\/wp-json\/wp\/v2\/media?parent=1430"}],"wp:term":[{"taxonomy":"category","embeddable":true,"href":"https:\/\/laurorecreative.fr\/index.php\/wp-json\/wp\/v2\/categories?post=1430"},{"taxonomy":"post_tag","embeddable":true,"href":"https:\/\/laurorecreative.fr\/index.php\/wp-json\/wp\/v2\/tags?post=1430"}],"curies":[{"name":"wp","href":"https:\/\/api.w.org\/{rel}","templated":true}]}}